{"id":9002,"date":"2020-01-13T00:00:00","date_gmt":"2020-01-13T00:00:00","guid":{"rendered":"https:\/\/www.absolicon.com\/al-homsi-tecknar-ramavtal-om-produktionslina-pa-cypern\/"},"modified":"2020-07-21T06:27:56","modified_gmt":"2020-07-21T06:27:56","slug":"al-homsi-tecknar-ramavtal-om-produktionslina-pa-cypern","status":"publish","type":"post","link":"https:\/\/www.agma.com\/sv\/al-homsi-tecknar-ramavtal-om-produktionslina-pa-cypern\/","title":{"rendered":"Al Homsi tecknar ramavtal om produktionslina p\u00e5 Cypern"},"content":{"rendered":"<p>[ingress]Ingenj\u00f6rsf\u00f6retaget Al Homsi har tecknat ett ramavtal med Absolicon om f\u00f6rv\u00e4rv av en produktionslina f\u00f6r solf\u00e5ngaren T160 p\u00e5 Cypern. Det totala f\u00f6rs\u00e4ljningsv\u00e4rdet som omfattas av avtalet uppskattas till 40\u201350 miljoner kronor plus m\u00e5natlig licensavgift om 4% och f\u00f6rs\u00e4ljning av komponenter.[\/ingress]<\/p>\n<p>Absolicons produktionslinor f\u00f6r koncentrerande solf\u00e5ngare kan f\u00f6r\u00e4ndra energif\u00f6rs\u00f6rjningen f\u00f6r enskilda industrier och hela st\u00e4der. \u00d6stra medelhavet \u00e4r en ostadig region men med god solinstr\u00e5lning och stor tillv\u00e4xtpotential. Ingenj\u00f6rsf\u00f6retaget Al Homsi och Absolicon har nu tecknat ramavtal om f\u00f6rv\u00e4rv av en produktionslina f\u00f6r etablering p\u00e5 Cypern som skall f\u00f6rse omr\u00e5det med solf\u00e5ngare.<\/p>\n<p>Al Homsi har presenterat en plan d\u00e4r f\u00f6retaget i f\u00f6rsta hand med egna resurser skall s\u00e4lja solf\u00e5ngarf\u00e4lt till industrier, st\u00e4der och kommersiella byggnader. F\u00f6retaget har sitt ursprung i Syrien och arbetar med flera stora internationella bolag i regionen. Bland annat finns det inom f\u00f6retaget ett regionalt kontaktn\u00e4t f\u00f6r att arbeta med stora hotell och telekomf\u00f6retag.<\/p>\n<p>P\u00e5 flera s\u00e4tt skiljer sig Al Homsi fr\u00e5n de akt\u00f6rer som Absolicon arbetar med i andra l\u00e4nder. F\u00f6retaget drivs tydligare av aff\u00e4rsm\u00e4n snarare \u00e4n energiexperter och har imponerat p\u00e5 Absolicons s\u00e4ljteam med sin tydliga vision av hur f\u00f6retaget och aff\u00e4ren kring produktionslinan skall utvecklas.<\/p>\n<p>Planen \u00e4r att produktionslinan skall levereras fr\u00e5n Sverige \u00e5r 2021. Nu vidtar mer detaljerat kontraktsskrivande. Betalningen sker stegvis p\u00e5 samma s\u00e4tt som vid den tidigare f\u00f6rs\u00e4ljningen av produktionslinan till Sichuanprovinsen.<\/p>\n<h2>Regionen<\/h2>\n<p>L\u00e4nderna vid medelhavets \u00f6stkust kallas med en \u00e4ldre ben\u00e4mning Levanten och de historiska och ekonomiska banden med Cypern \u00e4r starka. Cypern \u00e4r en bra utg\u00e5ngspunkt f\u00f6r \u201dbusiness to business\u201d i regionen och en p\u00e5 m\u00e5nga s\u00e4tt s\u00e4ker plats f\u00f6r att etablera f\u00f6rs\u00e4ljning och tillverkning.<\/p>\n<p>F\u00f6r f\u00f6rnyelsebar energi har \u00f6stra medelhavskusten utmanande marknader men med stor potential. Al Homsi har dock stor erfarenhet av \u201dbusiness to business\u201d f\u00f6rs\u00e4ljning i regionen och planen \u00e4r att med egna resurser rikta in sig p\u00e5 ett f\u00e5tal nyckelkunder. F\u00f6retaget planerar att f\u00f6rst expandera vertikalt, fr\u00e5n produktion till slutkunden, och h\u00e5lla egen kompetens f\u00f6r att projektleda, bygga och integrera solv\u00e4rme hos kunderna. F\u00f6rsta steget \u00e4r att introducera pilotanl\u00e4ggningar f\u00f6r att vinna kundens f\u00f6rtroende. N\u00e4r sedan st\u00f6rre installationer etablerats hos kunder kan fler distributionskanaler etableras.<\/p>\n<p>De l\u00e4nder som Al Homsi skall fokusera p\u00e5 \u00e4r:<\/p>\n<p>\u2022 <strong>Cypern<\/strong> som har 1 miljon innev\u00e5nare \u00e4r ett stabilt land att arbeta fr\u00e5n. P\u00e5 Cypern eldar industrin varje \u00e5r 100 000 ton olja f\u00f6r att driva sina processer. Cypern \u00e4r ett rikt land med stor finanssektor.<\/p>\n<p>\u2022 <strong>Jordanien<\/strong> med 9 miljoner innev\u00e5nare har en stabil ekonomi, men investeringsviljan \u00e4r begr\u00e4nsad eftersom regionen \u00e4r s\u00e5 ostadig. Industrin d\u00e4r anv\u00e4nder 300 000 ton olja per \u00e5r och det finns en stark vilja att minska oljeimporten och anv\u00e4nda solv\u00e4rme ist\u00e4llet.<\/p>\n<p>\u2022 <strong>Syrien<\/strong> har framf\u00f6r sig ett enormt \u00e5teruppbyggnadsarbete, men ekonomin \u00e4r svag och den lokala valutan \u00e4r svag. Landet \u00e4r ocks\u00e5 fortfarande f\u00f6rem\u00e5l f\u00f6r sanktioner t.ex. ett oljeembargo. Syrien har 18 miljoner innev\u00e5nare och f\u00f6re kriget anv\u00e4nde industrin i Syrien n\u00e4stan 1 miljon ton olja per \u00e5r.<\/p>\n<p>\u2022 <strong>Libanon<\/strong> med 6 miljoner innev\u00e5nare har ocks\u00e5 drabbats av oroligheterna i regionen med ett stort antal flyktingar och svag ekonomi. Industrin anv\u00e4nder ca 100 000 ton olja per \u00e5r.<\/p>\n<p>\u2022 <strong>Irak<\/strong> \u00e4r ett stort land med 38 miljoner innev\u00e5nare som \u00e4r rikt p\u00e5 resurser. I delar av landet har det varit lugnt l\u00e4nge och d\u00e4r finns det stabila och l\u00f6nsamma f\u00f6retag. \u00c5r 2015 anv\u00e4nde Iraks industri 2 miljoner ton olja.<\/p>\n<p>Al Homsi uppskattar att man inom tv\u00e5 \u00e5r kommer att ha uppn\u00e5tt god k\u00e4nnedom om Absolicons varum\u00e4rke och erbjudande i hela regionen. Genom att f\u00f6rst genomf\u00f6ra projekt tillsammans med fastighetsbolag, industribolag och de ingenj\u00f6rsfirmor som bygger nya fabriker i regionen och d\u00e4refter engagera ett bredare kontaktn\u00e4t horisontellt i branschen menar Al Homsi att de kan skapa b\u00e5de god f\u00f6rs\u00e4ljning och ge bra service till kunderna.<\/p>\n<p>Al Homsi har 20 \u00e5rs erfarenhet av f\u00f6rs\u00e4ljning i regionen, b\u00e5de riktad till hotell och kommersiella fastigheter samt inom telekom. I de olika l\u00e4nderna finns redan en organisation f\u00f6r projektf\u00f6rs\u00e4ljning och projektledning.<\/p>\n<h2>Inneh\u00e5ll i ramavtalet<\/h2>\n<p>Ramavtalet beskriver de separata avtal som skall uppr\u00e4ttas i processen. Absolicons int\u00e4kter fr\u00e5n f\u00f6rs\u00e4ljningen kan inordnas i tre grupper: f\u00f6rv\u00e4rv av linan, licensint\u00e4kter och int\u00e4kter fr\u00e5n materialf\u00f6rs\u00e4ljning.<\/p>\n<p><strong>1. F\u00f6rs\u00e4ljning av produktionslinan<\/strong><\/p>\n<p>Produktionslinan \u00e4r av samma modell som Absolicon har i Sverige och som bolaget redan levererat till Sichuanprovinsen. Linan med tv\u00e5 sexaxliga robotar har kapacitet att tillverka 50 MW solf\u00e5ngare (100 000 m2) per \u00e5r. Tillsammans med h\u00e5rdvaran levererar Absolicon konsultst\u00f6d f\u00f6r marknadsarbete och teknisk support, utveckling och teknisk utbildning.<\/p>\n<p>Det totala v\u00e4rdet av h\u00e5rdvara och aktiviteter som omfattas av avtalet uppskattas till 40\u201350 miljoner kronor.<\/p>\n<p><strong>2. Licens f\u00f6r att tillverka T160<\/strong><\/p>\n<p>F\u00f6r r\u00e4ttigheten att tillverka T160 under Absolicons immaterialr\u00e4ttsliga skydd, ta del av framtida produktutveckling och anv\u00e4nda Absolicons varum\u00e4rke utg\u00e5r m\u00e5natlig licensavgift om ca 4% p\u00e5 f\u00f6rs\u00e4ljningsv\u00e4rdet.<\/p>\n<p>Produktionslinan i full produktion tillverkar p\u00e5 ett skift 50 MW solf\u00e5ngare (100 000 m2) per \u00e5r med f\u00f6rs\u00e4ljningsv\u00e4rde 200\u2013250 miljoner kronor vilket med 4% licensavgift skulle inneb\u00e4ra ca 8 miljoner kronor per \u00e5r i licensint\u00e4kt. Absolicons uppskattning \u00e4r dock att det tar tid innan Al Homsi utvecklat solv\u00e4rmemarknaden f\u00f6r industrier i regionen s\u00e5 att de volymerna kan uppn\u00e5s.<\/p>\n<p><strong>3. Materialf\u00f6rs\u00f6rjning<\/strong><\/p>\n<p>Genom avtalet s\u00e4kerst\u00e4ller Absolicon tillg\u00e5ng p\u00e5 patenterade komponenter och insatsvaror av h\u00f6g kvalit\u00e9 som delvis tillverkas i Cypern eller lokalt vid installationsplatsen.<\/p>\n<p>Vid full produktion beh\u00f6ver produktionslinan k\u00f6pa material f\u00f6r 100\u2013150 miljoner kronor per \u00e5r d\u00e4r 40% &#8211; 50% av ink\u00f6pen kan komma att g\u00e5 genom Absolicon och 50% &#8211; 60% fr\u00e5n lokala underleverant\u00f6rer. Utfallet f\u00f6r Absolicon beror i viss utstr\u00e4ckning p\u00e5 resultatet av Absolicons p\u00e5g\u00e5ende materialsatsning.<\/p>\n<p><strong>Ramavtalet beskriver \u00f6vergripande principer<\/strong><\/p>\n<p>Ramavtalet \u00e4r inte bindande, utan f\u00f6reskriver de \u00f6vergripande principerna f\u00f6r de separata avtal som skall uppr\u00e4ttas. Det uppskattade v\u00e4rdet av f\u00f6rs\u00e4ljningen kan komma att \u00e4ndras liksom slutgiltig utformning av produktionslinans produktionskapacitet. Absolicon uppskattar idag att f\u00f6rs\u00e4ljningsv\u00e4rdet av avtalet ligger i nedre delen av intervallet 40-50 miljoner kronor.<\/p>\n<p>Om Al Homsi inte uppfyller sina \u00e5taganden i varje steg f\u00f6rlorar de r\u00e4tten att genomf\u00f6ra f\u00f6rv\u00e4rvet och har d\u00e5 m\u00f6jlighet att f\u00e5 tillbaka en del av k\u00f6peskillingen, dock aldrig f\u00f6r Absolicons havda kostnader.<\/p>\n<p>Leveranstid och leveranskapacitet<\/p>\n<p>De f\u00f6rsta f\u00f6rs\u00e4ljningarna av pilotinstallationer av T160 fr\u00e5n Al Homsi f\u00f6rv\u00e4ntas under andra halv\u00e5ret 2020. Solf\u00e5ngare f\u00f6r dessa installationer levereras fr\u00e5n Sverige. Produktionslinan ber\u00e4knas skickas fr\u00e5n Sverige under andra halv\u00e5ret 2021.<\/p>\n<p>&nbsp;<\/p>\n<p>F\u00f6r mer information <a title=\"Kontakta oss\" href=\"https:\/\/www.agma.comom-absolicon\/kontakt\/\">kontakta Joakim Bystr\u00f6m VD Absolicon Solar Collector AB<\/a><\/p>\n<p>&nbsp;<\/p>\n<p>\u00d6stra medelhavsomr\u00e5det har god solinstr\u00e5lning och stora industriinstallationer kan ha s\u00e5 kort \u00e5terbetalningstid som 3-6 \u00e5r beroende p\u00e5 placering och lokalt energipris.<\/p>\n<p><a href=\"https:\/\/www.agma.comwp-content\/uploads\/2020\/01\/Middle-East_DNI_mid-size-map_156x174mm-300dpi_v20180621-zoom.jpg\"><img fetchpriority=\"high\" decoding=\"async\" class=\"size-medium wp-image-6500 alignleft\" title=\"Middle-East_DNI_mid-size-map_156x174mm-300dpi_v20180621-zoom\" src=\"https:\/\/www.agma.comwp-content\/sembly_data\/thumbnail\/10\/3310d9e1ccb6986e57d86ec54e1c2f.jpg?922850\" alt=\"\" width=\"268\" height=\"300\"><\/a><\/p>\n<p>&nbsp;<\/p>\n<p>&nbsp;<\/p>\n<p>&nbsp;<\/p>\n<p>&nbsp;<\/p>\n<p>&nbsp;<\/p>\n<p>&nbsp;<\/p>\n<p>&nbsp;<\/p>\n<p>&nbsp;<\/p>\n<p>&nbsp;<\/p>\n<p>&nbsp;<\/p>\n<p>&nbsp;<\/p>\n<p>Denna information \u00e4r s\u00e5dan information som Absolicon Solar Collector AB \u00e4r skyldigt att offentligg\u00f6ra enligt lagen om v\u00e4rdepappersmarknaden. Informationen l\u00e4mnades f\u00f6r offentligg\u00f6rande den 13 januari 2020.<\/p>\n<p>&nbsp;<\/p>\n<p><em>Absolicon \u00e4r ett b\u00f6rsnoterat svenskt solenergif\u00f6retag, specialiserat p\u00e5 koncentrerad solv\u00e4rme. Solf\u00e5ngaren T160 arbetar upp till 160\u00b0C och har den h\u00f6gsta optiska verkningsgraden som n\u00e5gonsin uppm\u00e4tts f\u00f6r ett kommersiellt tillg\u00e4ngligt litet paraboliskt tr\u00e5g. Absolicon har uppn\u00e5tt banbrytande prestanda och levererat en f\u00f6rsta produktionslina till den kinesiska provinsen Sichuan och byggt en robotiserad produktionslina i Sverige f\u00f6r demonstration f\u00f6r intresserade kunder och f\u00f6r egen tillverkning av solf\u00e5ngare.<\/em><\/p>\n<p><em>Tre ramavtal om f\u00f6rv\u00e4rv av produktionslinor har tecknats med f\u00f6retag i Sydafrika, Kenya respektive Cypern. Varje produktionslina har kapacitet att producera en solf\u00e5ngare var sj\u00e4tte minut, 50 MWp(th) \u00e5rligen. F\u00f6retaget kombinerar solenergiforskning med f\u00f6rs\u00e4ljning av solf\u00e5ngarf\u00e4lt till industrier som beh\u00f6ver hetta och \u00e5nga samt kompletta robotiserade produktionslinor f\u00f6r T160.<\/em><\/p>\n<p>&nbsp;<\/p>\n<p>&nbsp;<\/p>\n<p>&nbsp;<\/p>\n","protected":false},"excerpt":{"rendered":"<p>[ingress]Ingenj\u00f6rsf\u00f6retaget Al Homsi har tecknat ett ramavtal med Absolicon om f\u00f6rv\u00e4rv av en produktionslina f\u00f6r solf\u00e5ngaren T160 p\u00e5 Cypern. Det totala f\u00f6rs\u00e4ljningsv\u00e4rdet som omfattas av avtalet uppskattas till 40\u201350 miljoner kronor plus m\u00e5natlig licensavgift om 4% och f\u00f6rs\u00e4ljning av komponenter.[\/ingress] Absolicons produktionslinor f\u00f6r koncentrerande solf\u00e5ngare kan f\u00f6r\u00e4ndra energif\u00f6rs\u00f6rjningen f\u00f6r enskilda industrier och hela st\u00e4der. \u00d6stra [&hellip;]<\/p>\n","protected":false},"author":1,"featured_media":9129,"comment_status":"open","ping_status":"open","sticky":false,"template":"","format":"standard","meta":{"_acf_changed":false,"footnotes":""},"categories":[2],"tags":[],"class_list":["post-9002","post","type-post","status-publish","format-standard","has-post-thumbnail","hentry","category-okategoriserad"],"acf":[],"yoast_head":"<!-- This site is optimized with the Yoast SEO plugin v27.4 - https:\/\/yoast.com\/product\/yoast-seo-wordpress\/ -->\n<title>Al Homsi tecknar ramavtal om produktionslina p\u00e5 Cypern - Absolicon<\/title>\n<meta name=\"robots\" content=\"index, follow, max-snippet:-1, max-image-preview:large, max-video-preview:-1\" \/>\n<link rel=\"canonical\" href=\"https:\/\/www.agma.com\/sv\/al-homsi-tecknar-ramavtal-om-produktionslina-pa-cypern\/\" \/>\n<meta property=\"og:locale\" content=\"sv_SE\" \/>\n<meta property=\"og:type\" content=\"article\" \/>\n<meta property=\"og:title\" content=\"Al Homsi tecknar ramavtal om produktionslina p\u00e5 Cypern - Absolicon\" \/>\n<meta property=\"og:description\" content=\"[ingress]Ingenj\u00f6rsf\u00f6retaget Al Homsi har tecknat ett ramavtal med Absolicon om f\u00f6rv\u00e4rv av en produktionslina f\u00f6r solf\u00e5ngaren T160 p\u00e5 Cypern. Det totala f\u00f6rs\u00e4ljningsv\u00e4rdet som omfattas av avtalet uppskattas till 40\u201350 miljoner kronor plus m\u00e5natlig licensavgift om 4% och f\u00f6rs\u00e4ljning av komponenter.[\/ingress] Absolicons produktionslinor f\u00f6r koncentrerande solf\u00e5ngare kan f\u00f6r\u00e4ndra energif\u00f6rs\u00f6rjningen f\u00f6r enskilda industrier och hela st\u00e4der. \u00d6stra [&hellip;]\" \/>\n<meta property=\"og:url\" content=\"https:\/\/www.agma.com\/sv\/al-homsi-tecknar-ramavtal-om-produktionslina-pa-cypern\/\" \/>\n<meta property=\"og:site_name\" content=\"Absolicon\" \/>\n<meta property=\"article:published_time\" content=\"2020-01-13T00:00:00+00:00\" \/>\n<meta property=\"article:modified_time\" content=\"2020-07-21T06:27:56+00:00\" \/>\n<meta property=\"og:image\" content=\"https:\/\/www.agma.com\/wp-content\/uploads\/2020\/07\/fb2db250000ae17c44cc2a868b50f6.png\" \/>\n\t<meta property=\"og:image:width\" content=\"720\" \/>\n\t<meta property=\"og:image:height\" content=\"250\" \/>\n\t<meta property=\"og:image:type\" content=\"image\/png\" \/>\n<meta name=\"author\" content=\"jakubschenk\" \/>\n<meta name=\"twitter:card\" content=\"summary_large_image\" \/>\n<meta name=\"twitter:label1\" content=\"Skriven av\" \/>\n\t<meta name=\"twitter:data1\" content=\"jakubschenk\" \/>\n<script type=\"application\/ld+json\" class=\"yoast-schema-graph\">{\"@context\":\"https:\\\/\\\/schema.org\",\"@graph\":[{\"@type\":\"Article\",\"@id\":\"https:\\\/\\\/www.agma.com\\\/sv\\\/al-homsi-tecknar-ramavtal-om-produktionslina-pa-cypern\\\/#article\",\"isPartOf\":{\"@id\":\"https:\\\/\\\/www.agma.com\\\/sv\\\/al-homsi-tecknar-ramavtal-om-produktionslina-pa-cypern\\\/\"},\"author\":{\"name\":\"jakubschenk\",\"@id\":\"https:\\\/\\\/www.agma.com\\\/sv\\\/#\\\/schema\\\/person\\\/6820b3ce1cc37edbaecc979090760d8b\"},\"headline\":\"Al Homsi tecknar ramavtal om produktionslina p\u00e5 Cypern\",\"datePublished\":\"2020-01-13T00:00:00+00:00\",\"dateModified\":\"2020-07-21T06:27:56+00:00\",\"mainEntityOfPage\":{\"@id\":\"https:\\\/\\\/www.agma.com\\\/sv\\\/al-homsi-tecknar-ramavtal-om-produktionslina-pa-cypern\\\/\"},\"wordCount\":1436,\"commentCount\":0,\"publisher\":{\"@id\":\"https:\\\/\\\/www.agma.com\\\/sv\\\/#organization\"},\"image\":{\"@id\":\"https:\\\/\\\/www.agma.com\\\/sv\\\/al-homsi-tecknar-ramavtal-om-produktionslina-pa-cypern\\\/#primaryimage\"},\"thumbnailUrl\":\"https:\\\/\\\/www.agma.com\\\/wp-content\\\/uploads\\\/2020\\\/07\\\/fb2db250000ae17c44cc2a868b50f6.png\",\"articleSection\":[\"Okategoriserad\"],\"inLanguage\":\"sv-SE\",\"potentialAction\":[{\"@type\":\"CommentAction\",\"name\":\"Comment\",\"target\":[\"https:\\\/\\\/www.agma.com\\\/sv\\\/al-homsi-tecknar-ramavtal-om-produktionslina-pa-cypern\\\/#respond\"]}]},{\"@type\":\"WebPage\",\"@id\":\"https:\\\/\\\/www.agma.com\\\/sv\\\/al-homsi-tecknar-ramavtal-om-produktionslina-pa-cypern\\\/\",\"url\":\"https:\\\/\\\/www.agma.com\\\/sv\\\/al-homsi-tecknar-ramavtal-om-produktionslina-pa-cypern\\\/\",\"name\":\"Al Homsi tecknar ramavtal om produktionslina p\u00e5 Cypern - Absolicon\",\"isPartOf\":{\"@id\":\"https:\\\/\\\/www.agma.com\\\/sv\\\/#website\"},\"primaryImageOfPage\":{\"@id\":\"https:\\\/\\\/www.agma.com\\\/sv\\\/al-homsi-tecknar-ramavtal-om-produktionslina-pa-cypern\\\/#primaryimage\"},\"image\":{\"@id\":\"https:\\\/\\\/www.agma.com\\\/sv\\\/al-homsi-tecknar-ramavtal-om-produktionslina-pa-cypern\\\/#primaryimage\"},\"thumbnailUrl\":\"https:\\\/\\\/www.agma.com\\\/wp-content\\\/uploads\\\/2020\\\/07\\\/fb2db250000ae17c44cc2a868b50f6.png\",\"datePublished\":\"2020-01-13T00:00:00+00:00\",\"dateModified\":\"2020-07-21T06:27:56+00:00\",\"breadcrumb\":{\"@id\":\"https:\\\/\\\/www.agma.com\\\/sv\\\/al-homsi-tecknar-ramavtal-om-produktionslina-pa-cypern\\\/#breadcrumb\"},\"inLanguage\":\"sv-SE\",\"potentialAction\":[{\"@type\":\"ReadAction\",\"target\":[\"https:\\\/\\\/www.agma.com\\\/sv\\\/al-homsi-tecknar-ramavtal-om-produktionslina-pa-cypern\\\/\"]}]},{\"@type\":\"ImageObject\",\"inLanguage\":\"sv-SE\",\"@id\":\"https:\\\/\\\/www.agma.com\\\/sv\\\/al-homsi-tecknar-ramavtal-om-produktionslina-pa-cypern\\\/#primaryimage\",\"url\":\"https:\\\/\\\/www.agma.com\\\/wp-content\\\/uploads\\\/2020\\\/07\\\/fb2db250000ae17c44cc2a868b50f6.png\",\"contentUrl\":\"https:\\\/\\\/www.agma.com\\\/wp-content\\\/uploads\\\/2020\\\/07\\\/fb2db250000ae17c44cc2a868b50f6.png\",\"width\":720,\"height\":250},{\"@type\":\"BreadcrumbList\",\"@id\":\"https:\\\/\\\/www.agma.com\\\/sv\\\/al-homsi-tecknar-ramavtal-om-produktionslina-pa-cypern\\\/#breadcrumb\",\"itemListElement\":[{\"@type\":\"ListItem\",\"position\":1,\"name\":\"Home\",\"item\":\"https:\\\/\\\/www.agma.com\\\/sv\\\/\"},{\"@type\":\"ListItem\",\"position\":2,\"name\":\"Al Homsi tecknar ramavtal om produktionslina p\u00e5 Cypern\"}]},{\"@type\":\"WebSite\",\"@id\":\"https:\\\/\\\/www.agma.com\\\/sv\\\/#website\",\"url\":\"https:\\\/\\\/www.agma.com\\\/sv\\\/\",\"name\":\"Absolicon\",\"description\":\"\",\"publisher\":{\"@id\":\"https:\\\/\\\/www.agma.com\\\/sv\\\/#organization\"},\"potentialAction\":[{\"@type\":\"SearchAction\",\"target\":{\"@type\":\"EntryPoint\",\"urlTemplate\":\"https:\\\/\\\/www.agma.com\\\/sv\\\/?s={search_term_string}\"},\"query-input\":{\"@type\":\"PropertyValueSpecification\",\"valueRequired\":true,\"valueName\":\"search_term_string\"}}],\"inLanguage\":\"sv-SE\"},{\"@type\":\"Organization\",\"@id\":\"https:\\\/\\\/www.agma.com\\\/sv\\\/#organization\",\"name\":\"Absolicon\",\"url\":\"https:\\\/\\\/www.agma.com\\\/sv\\\/\",\"logo\":{\"@type\":\"ImageObject\",\"inLanguage\":\"sv-SE\",\"@id\":\"https:\\\/\\\/www.agma.com\\\/sv\\\/#\\\/schema\\\/logo\\\/image\\\/\",\"url\":\"https:\\\/\\\/www.agma.com\\\/wp-content\\\/uploads\\\/2026\\\/04\\\/logotype_neg_blk.svg\",\"contentUrl\":\"https:\\\/\\\/www.agma.com\\\/wp-content\\\/uploads\\\/2026\\\/04\\\/logotype_neg_blk.svg\",\"width\":705,\"height\":83,\"caption\":\"Absolicon\"},\"image\":{\"@id\":\"https:\\\/\\\/www.agma.com\\\/sv\\\/#\\\/schema\\\/logo\\\/image\\\/\"}},{\"@type\":\"Person\",\"@id\":\"https:\\\/\\\/www.agma.com\\\/sv\\\/#\\\/schema\\\/person\\\/6820b3ce1cc37edbaecc979090760d8b\",\"name\":\"jakubschenk\",\"image\":{\"@type\":\"ImageObject\",\"inLanguage\":\"sv-SE\",\"@id\":\"https:\\\/\\\/secure.gravatar.com\\\/avatar\\\/0ab843002d4a58702560e02354e5f9a3206e13bbfaa9df5a188e463870f605cd?s=96&d=mm&r=g\",\"url\":\"https:\\\/\\\/secure.gravatar.com\\\/avatar\\\/0ab843002d4a58702560e02354e5f9a3206e13bbfaa9df5a188e463870f605cd?s=96&d=mm&r=g\",\"contentUrl\":\"https:\\\/\\\/secure.gravatar.com\\\/avatar\\\/0ab843002d4a58702560e02354e5f9a3206e13bbfaa9df5a188e463870f605cd?s=96&d=mm&r=g\",\"caption\":\"jakubschenk\"},\"sameAs\":[\"https:\\\/\\\/www.agma.com\"],\"url\":\"https:\\\/\\\/www.agma.com\\\/sv\\\/author\\\/jakubschenk\\\/\"}]}<\/script>\n<!-- \/ Yoast SEO plugin. -->","yoast_head_json":{"title":"Al Homsi tecknar ramavtal om produktionslina p\u00e5 Cypern - Absolicon","robots":{"index":"index","follow":"follow","max-snippet":"max-snippet:-1","max-image-preview":"max-image-preview:large","max-video-preview":"max-video-preview:-1"},"canonical":"https:\/\/www.agma.com\/sv\/al-homsi-tecknar-ramavtal-om-produktionslina-pa-cypern\/","og_locale":"sv_SE","og_type":"article","og_title":"Al Homsi tecknar ramavtal om produktionslina p\u00e5 Cypern - Absolicon","og_description":"[ingress]Ingenj\u00f6rsf\u00f6retaget Al Homsi har tecknat ett ramavtal med Absolicon om f\u00f6rv\u00e4rv av en produktionslina f\u00f6r solf\u00e5ngaren T160 p\u00e5 Cypern. Det totala f\u00f6rs\u00e4ljningsv\u00e4rdet som omfattas av avtalet uppskattas till 40\u201350 miljoner kronor plus m\u00e5natlig licensavgift om 4% och f\u00f6rs\u00e4ljning av komponenter.[\/ingress] Absolicons produktionslinor f\u00f6r koncentrerande solf\u00e5ngare kan f\u00f6r\u00e4ndra energif\u00f6rs\u00f6rjningen f\u00f6r enskilda industrier och hela st\u00e4der. \u00d6stra [&hellip;]","og_url":"https:\/\/www.agma.com\/sv\/al-homsi-tecknar-ramavtal-om-produktionslina-pa-cypern\/","og_site_name":"Absolicon","article_published_time":"2020-01-13T00:00:00+00:00","article_modified_time":"2020-07-21T06:27:56+00:00","og_image":[{"width":720,"height":250,"url":"https:\/\/www.agma.com\/wp-content\/uploads\/2020\/07\/fb2db250000ae17c44cc2a868b50f6.png","type":"image\/png"}],"author":"jakubschenk","twitter_card":"summary_large_image","twitter_misc":{"Skriven av":"jakubschenk"},"schema":{"@context":"https:\/\/schema.org","@graph":[{"@type":"Article","@id":"https:\/\/www.agma.com\/sv\/al-homsi-tecknar-ramavtal-om-produktionslina-pa-cypern\/#article","isPartOf":{"@id":"https:\/\/www.agma.com\/sv\/al-homsi-tecknar-ramavtal-om-produktionslina-pa-cypern\/"},"author":{"name":"jakubschenk","@id":"https:\/\/www.agma.com\/sv\/#\/schema\/person\/6820b3ce1cc37edbaecc979090760d8b"},"headline":"Al Homsi tecknar ramavtal om produktionslina p\u00e5 Cypern","datePublished":"2020-01-13T00:00:00+00:00","dateModified":"2020-07-21T06:27:56+00:00","mainEntityOfPage":{"@id":"https:\/\/www.agma.com\/sv\/al-homsi-tecknar-ramavtal-om-produktionslina-pa-cypern\/"},"wordCount":1436,"commentCount":0,"publisher":{"@id":"https:\/\/www.agma.com\/sv\/#organization"},"image":{"@id":"https:\/\/www.agma.com\/sv\/al-homsi-tecknar-ramavtal-om-produktionslina-pa-cypern\/#primaryimage"},"thumbnailUrl":"https:\/\/www.agma.com\/wp-content\/uploads\/2020\/07\/fb2db250000ae17c44cc2a868b50f6.png","articleSection":["Okategoriserad"],"inLanguage":"sv-SE","potentialAction":[{"@type":"CommentAction","name":"Comment","target":["https:\/\/www.agma.com\/sv\/al-homsi-tecknar-ramavtal-om-produktionslina-pa-cypern\/#respond"]}]},{"@type":"WebPage","@id":"https:\/\/www.agma.com\/sv\/al-homsi-tecknar-ramavtal-om-produktionslina-pa-cypern\/","url":"https:\/\/www.agma.com\/sv\/al-homsi-tecknar-ramavtal-om-produktionslina-pa-cypern\/","name":"Al Homsi tecknar ramavtal om produktionslina p\u00e5 Cypern - Absolicon","isPartOf":{"@id":"https:\/\/www.agma.com\/sv\/#website"},"primaryImageOfPage":{"@id":"https:\/\/www.agma.com\/sv\/al-homsi-tecknar-ramavtal-om-produktionslina-pa-cypern\/#primaryimage"},"image":{"@id":"https:\/\/www.agma.com\/sv\/al-homsi-tecknar-ramavtal-om-produktionslina-pa-cypern\/#primaryimage"},"thumbnailUrl":"https:\/\/www.agma.com\/wp-content\/uploads\/2020\/07\/fb2db250000ae17c44cc2a868b50f6.png","datePublished":"2020-01-13T00:00:00+00:00","dateModified":"2020-07-21T06:27:56+00:00","breadcrumb":{"@id":"https:\/\/www.agma.com\/sv\/al-homsi-tecknar-ramavtal-om-produktionslina-pa-cypern\/#breadcrumb"},"inLanguage":"sv-SE","potentialAction":[{"@type":"ReadAction","target":["https:\/\/www.agma.com\/sv\/al-homsi-tecknar-ramavtal-om-produktionslina-pa-cypern\/"]}]},{"@type":"ImageObject","inLanguage":"sv-SE","@id":"https:\/\/www.agma.com\/sv\/al-homsi-tecknar-ramavtal-om-produktionslina-pa-cypern\/#primaryimage","url":"https:\/\/www.agma.com\/wp-content\/uploads\/2020\/07\/fb2db250000ae17c44cc2a868b50f6.png","contentUrl":"https:\/\/www.agma.com\/wp-content\/uploads\/2020\/07\/fb2db250000ae17c44cc2a868b50f6.png","width":720,"height":250},{"@type":"BreadcrumbList","@id":"https:\/\/www.agma.com\/sv\/al-homsi-tecknar-ramavtal-om-produktionslina-pa-cypern\/#breadcrumb","itemListElement":[{"@type":"ListItem","position":1,"name":"Home","item":"https:\/\/www.agma.com\/sv\/"},{"@type":"ListItem","position":2,"name":"Al Homsi tecknar ramavtal om produktionslina p\u00e5 Cypern"}]},{"@type":"WebSite","@id":"https:\/\/www.agma.com\/sv\/#website","url":"https:\/\/www.agma.com\/sv\/","name":"Absolicon","description":"","publisher":{"@id":"https:\/\/www.agma.com\/sv\/#organization"},"potentialAction":[{"@type":"SearchAction","target":{"@type":"EntryPoint","urlTemplate":"https:\/\/www.agma.com\/sv\/?s={search_term_string}"},"query-input":{"@type":"PropertyValueSpecification","valueRequired":true,"valueName":"search_term_string"}}],"inLanguage":"sv-SE"},{"@type":"Organization","@id":"https:\/\/www.agma.com\/sv\/#organization","name":"Absolicon","url":"https:\/\/www.agma.com\/sv\/","logo":{"@type":"ImageObject","inLanguage":"sv-SE","@id":"https:\/\/www.agma.com\/sv\/#\/schema\/logo\/image\/","url":"https:\/\/www.agma.com\/wp-content\/uploads\/2026\/04\/logotype_neg_blk.svg","contentUrl":"https:\/\/www.agma.com\/wp-content\/uploads\/2026\/04\/logotype_neg_blk.svg","width":705,"height":83,"caption":"Absolicon"},"image":{"@id":"https:\/\/www.agma.com\/sv\/#\/schema\/logo\/image\/"}},{"@type":"Person","@id":"https:\/\/www.agma.com\/sv\/#\/schema\/person\/6820b3ce1cc37edbaecc979090760d8b","name":"jakubschenk","image":{"@type":"ImageObject","inLanguage":"sv-SE","@id":"https:\/\/secure.gravatar.com\/avatar\/0ab843002d4a58702560e02354e5f9a3206e13bbfaa9df5a188e463870f605cd?s=96&d=mm&r=g","url":"https:\/\/secure.gravatar.com\/avatar\/0ab843002d4a58702560e02354e5f9a3206e13bbfaa9df5a188e463870f605cd?s=96&d=mm&r=g","contentUrl":"https:\/\/secure.gravatar.com\/avatar\/0ab843002d4a58702560e02354e5f9a3206e13bbfaa9df5a188e463870f605cd?s=96&d=mm&r=g","caption":"jakubschenk"},"sameAs":["https:\/\/www.agma.com"],"url":"https:\/\/www.agma.com\/sv\/author\/jakubschenk\/"}]}},"_links":{"self":[{"href":"https:\/\/www.agma.com\/sv\/wp-json\/wp\/v2\/posts\/9002","targetHints":{"allow":["GET"]}}],"collection":[{"href":"https:\/\/www.agma.com\/sv\/wp-json\/wp\/v2\/posts"}],"about":[{"href":"https:\/\/www.agma.com\/sv\/wp-json\/wp\/v2\/types\/post"}],"author":[{"embeddable":true,"href":"https:\/\/www.agma.com\/sv\/wp-json\/wp\/v2\/users\/1"}],"replies":[{"embeddable":true,"href":"https:\/\/www.agma.com\/sv\/wp-json\/wp\/v2\/comments?post=9002"}],"version-history":[{"count":1,"href":"https:\/\/www.agma.com\/sv\/wp-json\/wp\/v2\/posts\/9002\/revisions"}],"predecessor-version":[{"id":9131,"href":"https:\/\/www.agma.com\/sv\/wp-json\/wp\/v2\/posts\/9002\/revisions\/9131"}],"wp:featuredmedia":[{"embeddable":true,"href":"https:\/\/www.agma.com\/sv\/wp-json\/wp\/v2\/media\/9129"}],"wp:attachment":[{"href":"https:\/\/www.agma.com\/sv\/wp-json\/wp\/v2\/media?parent=9002"}],"wp:term":[{"taxonomy":"category","embeddable":true,"href":"https:\/\/www.agma.com\/sv\/wp-json\/wp\/v2\/categories?post=9002"},{"taxonomy":"post_tag","embeddable":true,"href":"https:\/\/www.agma.com\/sv\/wp-json\/wp\/v2\/tags?post=9002"}],"curies":[{"name":"wp","href":"https:\/\/api.w.org\/{rel}","templated":true}]}}