{"id":9010,"date":"2020-01-31T00:00:00","date_gmt":"2020-01-31T00:00:00","guid":{"rendered":"https:\/\/www.absolicon.com\/klimatkvall-pa-nalen-onsdag-4-mars-2020-kl-1800\/"},"modified":"2020-07-21T06:25:10","modified_gmt":"2020-07-21T06:25:10","slug":"klimatkvall-pa-nalen-onsdag-4-mars-2020-kl-1800","status":"publish","type":"post","link":"https:\/\/www.agma.com\/sv\/klimatkvall-pa-nalen-onsdag-4-mars-2020-kl-1800\/","title":{"rendered":"Klimatkv\u00e4ll p\u00e5 Nalen onsdag 4 mars 2020 kl 18:00"},"content":{"rendered":"<p>[ingress]<\/p>\n<p>Onsdag den 4 mars 2020 18:00 arrangerar Absolicon klimatkv\u00e4ll p\u00e5 Nalen, Regeringsgatan 74, i Stockholm<\/p>\n<p>[\/ingress]<\/p>\n<p>Program<\/p>\n<div><strong>18:00 \u2013 19:00<\/strong><br \/>\n* V\u00e5r tids \u00f6desfr\u00e5ga \u2013 klimatet<br \/>\n* De multinationella f\u00f6retagens ansvar och \u00e5taganden<br \/>\n* Carbon Law &#8211; halvera utsl\u00e4ppen varje decennium<\/div>\n<div><\/div>\n<div><strong>kl. 19:00- 20.00<\/strong><\/div>\n<div>* F\u00f6rt\u00e4ring och mingel<\/div>\n<div><\/div>\n<div><strong>kl. 20:00- 21.00<\/strong><br \/>\n* Solenergi som l\u00f6sning p\u00e5 klimatutmaningen<br \/>\n* 3000 miljarder i investeringar inom industrisektorn<br \/>\n* Absolicons arbete med produktionslinor<br \/>\n* Nya projekt inom material och komponenter<\/div>\n<p>&nbsp;<\/p>\n<div><a href=\"https:\/\/docs.google.com\/forms\/d\/e\/1FAIpQLSfig6EXncfgxgjZDg5PCvWt78t94K9f89egZoqmob4MDzRE-Q\/viewform?usp=sf_link\">Anm\u00e4l dig h\u00e4r &gt;&gt;<\/a><\/div>\n<div><\/div>\n<div style=\"text-align: right;\"><em>Publicerat 19 februari 2020<\/em><\/div>\n","protected":false},"excerpt":{"rendered":"<p>[ingress] Onsdag den 4 mars 2020 18:00 arrangerar Absolicon klimatkv\u00e4ll p\u00e5 Nalen, Regeringsgatan 74, i Stockholm [\/ingress] Program 18:00 \u2013 19:00 * V\u00e5r tids \u00f6desfr\u00e5ga \u2013 klimatet * De multinationella f\u00f6retagens ansvar och \u00e5taganden * Carbon Law &#8211; halvera utsl\u00e4ppen varje decennium kl. 19:00- 20.00 * F\u00f6rt\u00e4ring och mingel kl. 20:00- 21.00 * Solenergi som [&hellip;]<\/p>\n","protected":false},"author":1,"featured_media":9122,"comment_status":"open","ping_status":"open","sticky":false,"template":"","format":"standard","meta":{"_acf_changed":false,"footnotes":""},"categories":[2],"tags":[],"class_list":["post-9010","post","type-post","status-publish","format-standard","has-post-thumbnail","hentry","category-okategoriserad"],"acf":[],"yoast_head":"<!-- This site is optimized with the Yoast SEO plugin v27.4 - https:\/\/yoast.com\/product\/yoast-seo-wordpress\/ -->\n<title>Klimatkv\u00e4ll p\u00e5 Nalen onsdag 4 mars 2020 kl 18:00 - Absolicon<\/title>\n<meta name=\"robots\" content=\"index, follow, max-snippet:-1, max-image-preview:large, max-video-preview:-1\" \/>\n<link rel=\"canonical\" href=\"https:\/\/www.agma.com\/sv\/klimatkvall-pa-nalen-onsdag-4-mars-2020-kl-1800\/\" \/>\n<meta property=\"og:locale\" content=\"sv_SE\" \/>\n<meta property=\"og:type\" content=\"article\" \/>\n<meta property=\"og:title\" content=\"Klimatkv\u00e4ll p\u00e5 Nalen onsdag 4 mars 2020 kl 18:00 - Absolicon\" \/>\n<meta property=\"og:description\" content=\"[ingress] Onsdag den 4 mars 2020 18:00 arrangerar Absolicon klimatkv\u00e4ll p\u00e5 Nalen, Regeringsgatan 74, i Stockholm [\/ingress] Program 18:00 \u2013 19:00 * V\u00e5r tids \u00f6desfr\u00e5ga \u2013 klimatet * De multinationella f\u00f6retagens ansvar och \u00e5taganden * Carbon Law &#8211; halvera utsl\u00e4ppen varje decennium kl. 19:00- 20.00 * F\u00f6rt\u00e4ring och mingel kl. 20:00- 21.00 * Solenergi som [&hellip;]\" \/>\n<meta property=\"og:url\" content=\"https:\/\/www.agma.com\/sv\/klimatkvall-pa-nalen-onsdag-4-mars-2020-kl-1800\/\" \/>\n<meta property=\"og:site_name\" content=\"Absolicon\" \/>\n<meta property=\"article:published_time\" content=\"2020-01-31T00:00:00+00:00\" \/>\n<meta property=\"article:modified_time\" content=\"2020-07-21T06:25:10+00:00\" \/>\n<meta property=\"og:image\" content=\"https:\/\/www.agma.com\/wp-content\/uploads\/2020\/01\/c892cc88a3f346f15cf761a6b4e6d2-e1679579329947.jpg\" \/>\n\t<meta property=\"og:image:width\" content=\"518\" \/>\n\t<meta property=\"og:image:height\" content=\"250\" \/>\n\t<meta property=\"og:image:type\" content=\"image\/jpeg\" \/>\n<meta name=\"author\" content=\"jakubschenk\" \/>\n<meta name=\"twitter:card\" content=\"summary_large_image\" \/>\n<meta name=\"twitter:label1\" content=\"Skriven av\" \/>\n\t<meta name=\"twitter:data1\" content=\"jakubschenk\" \/>\n<script type=\"application\/ld+json\" class=\"yoast-schema-graph\">{\"@context\":\"https:\\\/\\\/schema.org\",\"@graph\":[{\"@type\":\"Article\",\"@id\":\"https:\\\/\\\/www.agma.com\\\/sv\\\/klimatkvall-pa-nalen-onsdag-4-mars-2020-kl-1800\\\/#article\",\"isPartOf\":{\"@id\":\"https:\\\/\\\/www.agma.com\\\/sv\\\/klimatkvall-pa-nalen-onsdag-4-mars-2020-kl-1800\\\/\"},\"author\":{\"name\":\"jakubschenk\",\"@id\":\"https:\\\/\\\/www.agma.com\\\/sv\\\/#\\\/schema\\\/person\\\/6820b3ce1cc37edbaecc979090760d8b\"},\"headline\":\"Klimatkv\u00e4ll p\u00e5 Nalen onsdag 4 mars 2020 kl 18:00\",\"datePublished\":\"2020-01-31T00:00:00+00:00\",\"dateModified\":\"2020-07-21T06:25:10+00:00\",\"mainEntityOfPage\":{\"@id\":\"https:\\\/\\\/www.agma.com\\\/sv\\\/klimatkvall-pa-nalen-onsdag-4-mars-2020-kl-1800\\\/\"},\"wordCount\":83,\"commentCount\":0,\"publisher\":{\"@id\":\"https:\\\/\\\/www.agma.com\\\/sv\\\/#organization\"},\"image\":{\"@id\":\"https:\\\/\\\/www.agma.com\\\/sv\\\/klimatkvall-pa-nalen-onsdag-4-mars-2020-kl-1800\\\/#primaryimage\"},\"thumbnailUrl\":\"https:\\\/\\\/www.agma.com\\\/wp-content\\\/uploads\\\/2020\\\/01\\\/c892cc88a3f346f15cf761a6b4e6d2-e1679579329947.jpg\",\"articleSection\":[\"Okategoriserad\"],\"inLanguage\":\"sv-SE\",\"potentialAction\":[{\"@type\":\"CommentAction\",\"name\":\"Comment\",\"target\":[\"https:\\\/\\\/www.agma.com\\\/sv\\\/klimatkvall-pa-nalen-onsdag-4-mars-2020-kl-1800\\\/#respond\"]}]},{\"@type\":\"WebPage\",\"@id\":\"https:\\\/\\\/www.agma.com\\\/sv\\\/klimatkvall-pa-nalen-onsdag-4-mars-2020-kl-1800\\\/\",\"url\":\"https:\\\/\\\/www.agma.com\\\/sv\\\/klimatkvall-pa-nalen-onsdag-4-mars-2020-kl-1800\\\/\",\"name\":\"Klimatkv\u00e4ll p\u00e5 Nalen onsdag 4 mars 2020 kl 18:00 - Absolicon\",\"isPartOf\":{\"@id\":\"https:\\\/\\\/www.agma.com\\\/sv\\\/#website\"},\"primaryImageOfPage\":{\"@id\":\"https:\\\/\\\/www.agma.com\\\/sv\\\/klimatkvall-pa-nalen-onsdag-4-mars-2020-kl-1800\\\/#primaryimage\"},\"image\":{\"@id\":\"https:\\\/\\\/www.agma.com\\\/sv\\\/klimatkvall-pa-nalen-onsdag-4-mars-2020-kl-1800\\\/#primaryimage\"},\"thumbnailUrl\":\"https:\\\/\\\/www.agma.com\\\/wp-content\\\/uploads\\\/2020\\\/01\\\/c892cc88a3f346f15cf761a6b4e6d2-e1679579329947.jpg\",\"datePublished\":\"2020-01-31T00:00:00+00:00\",\"dateModified\":\"2020-07-21T06:25:10+00:00\",\"breadcrumb\":{\"@id\":\"https:\\\/\\\/www.agma.com\\\/sv\\\/klimatkvall-pa-nalen-onsdag-4-mars-2020-kl-1800\\\/#breadcrumb\"},\"inLanguage\":\"sv-SE\",\"potentialAction\":[{\"@type\":\"ReadAction\",\"target\":[\"https:\\\/\\\/www.agma.com\\\/sv\\\/klimatkvall-pa-nalen-onsdag-4-mars-2020-kl-1800\\\/\"]}]},{\"@type\":\"ImageObject\",\"inLanguage\":\"sv-SE\",\"@id\":\"https:\\\/\\\/www.agma.com\\\/sv\\\/klimatkvall-pa-nalen-onsdag-4-mars-2020-kl-1800\\\/#primaryimage\",\"url\":\"https:\\\/\\\/www.agma.com\\\/wp-content\\\/uploads\\\/2020\\\/01\\\/c892cc88a3f346f15cf761a6b4e6d2-e1679579329947.jpg\",\"contentUrl\":\"https:\\\/\\\/www.agma.com\\\/wp-content\\\/uploads\\\/2020\\\/01\\\/c892cc88a3f346f15cf761a6b4e6d2-e1679579329947.jpg\",\"width\":518,\"height\":250},{\"@type\":\"BreadcrumbList\",\"@id\":\"https:\\\/\\\/www.agma.com\\\/sv\\\/klimatkvall-pa-nalen-onsdag-4-mars-2020-kl-1800\\\/#breadcrumb\",\"itemListElement\":[{\"@type\":\"ListItem\",\"position\":1,\"name\":\"Home\",\"item\":\"https:\\\/\\\/www.agma.com\\\/sv\\\/\"},{\"@type\":\"ListItem\",\"position\":2,\"name\":\"Klimatkv\u00e4ll p\u00e5 Nalen onsdag 4 mars 2020 kl 18:00\"}]},{\"@type\":\"WebSite\",\"@id\":\"https:\\\/\\\/www.agma.com\\\/sv\\\/#website\",\"url\":\"https:\\\/\\\/www.agma.com\\\/sv\\\/\",\"name\":\"Absolicon\",\"description\":\"\",\"publisher\":{\"@id\":\"https:\\\/\\\/www.agma.com\\\/sv\\\/#organization\"},\"potentialAction\":[{\"@type\":\"SearchAction\",\"target\":{\"@type\":\"EntryPoint\",\"urlTemplate\":\"https:\\\/\\\/www.agma.com\\\/sv\\\/?s={search_term_string}\"},\"query-input\":{\"@type\":\"PropertyValueSpecification\",\"valueRequired\":true,\"valueName\":\"search_term_string\"}}],\"inLanguage\":\"sv-SE\"},{\"@type\":\"Organization\",\"@id\":\"https:\\\/\\\/www.agma.com\\\/sv\\\/#organization\",\"name\":\"Absolicon\",\"url\":\"https:\\\/\\\/www.agma.com\\\/sv\\\/\",\"logo\":{\"@type\":\"ImageObject\",\"inLanguage\":\"sv-SE\",\"@id\":\"https:\\\/\\\/www.agma.com\\\/sv\\\/#\\\/schema\\\/logo\\\/image\\\/\",\"url\":\"https:\\\/\\\/www.agma.com\\\/wp-content\\\/uploads\\\/2026\\\/04\\\/logotype_neg_blk.svg\",\"contentUrl\":\"https:\\\/\\\/www.agma.com\\\/wp-content\\\/uploads\\\/2026\\\/04\\\/logotype_neg_blk.svg\",\"width\":705,\"height\":83,\"caption\":\"Absolicon\"},\"image\":{\"@id\":\"https:\\\/\\\/www.agma.com\\\/sv\\\/#\\\/schema\\\/logo\\\/image\\\/\"}},{\"@type\":\"Person\",\"@id\":\"https:\\\/\\\/www.agma.com\\\/sv\\\/#\\\/schema\\\/person\\\/6820b3ce1cc37edbaecc979090760d8b\",\"name\":\"jakubschenk\",\"image\":{\"@type\":\"ImageObject\",\"inLanguage\":\"sv-SE\",\"@id\":\"https:\\\/\\\/secure.gravatar.com\\\/avatar\\\/0ab843002d4a58702560e02354e5f9a3206e13bbfaa9df5a188e463870f605cd?s=96&d=mm&r=g\",\"url\":\"https:\\\/\\\/secure.gravatar.com\\\/avatar\\\/0ab843002d4a58702560e02354e5f9a3206e13bbfaa9df5a188e463870f605cd?s=96&d=mm&r=g\",\"contentUrl\":\"https:\\\/\\\/secure.gravatar.com\\\/avatar\\\/0ab843002d4a58702560e02354e5f9a3206e13bbfaa9df5a188e463870f605cd?s=96&d=mm&r=g\",\"caption\":\"jakubschenk\"},\"sameAs\":[\"https:\\\/\\\/www.agma.com\"],\"url\":\"https:\\\/\\\/www.agma.com\\\/sv\\\/author\\\/jakubschenk\\\/\"}]}<\/script>\n<!-- \/ Yoast SEO plugin. -->","yoast_head_json":{"title":"Klimatkv\u00e4ll p\u00e5 Nalen onsdag 4 mars 2020 kl 18:00 - Absolicon","robots":{"index":"index","follow":"follow","max-snippet":"max-snippet:-1","max-image-preview":"max-image-preview:large","max-video-preview":"max-video-preview:-1"},"canonical":"https:\/\/www.agma.com\/sv\/klimatkvall-pa-nalen-onsdag-4-mars-2020-kl-1800\/","og_locale":"sv_SE","og_type":"article","og_title":"Klimatkv\u00e4ll p\u00e5 Nalen onsdag 4 mars 2020 kl 18:00 - Absolicon","og_description":"[ingress] Onsdag den 4 mars 2020 18:00 arrangerar Absolicon klimatkv\u00e4ll p\u00e5 Nalen, Regeringsgatan 74, i Stockholm [\/ingress] Program 18:00 \u2013 19:00 * V\u00e5r tids \u00f6desfr\u00e5ga \u2013 klimatet * De multinationella f\u00f6retagens ansvar och \u00e5taganden * Carbon Law &#8211; halvera utsl\u00e4ppen varje decennium kl. 19:00- 20.00 * F\u00f6rt\u00e4ring och mingel kl. 20:00- 21.00 * Solenergi som [&hellip;]","og_url":"https:\/\/www.agma.com\/sv\/klimatkvall-pa-nalen-onsdag-4-mars-2020-kl-1800\/","og_site_name":"Absolicon","article_published_time":"2020-01-31T00:00:00+00:00","article_modified_time":"2020-07-21T06:25:10+00:00","og_image":[{"width":518,"height":250,"url":"https:\/\/www.agma.com\/wp-content\/uploads\/2020\/01\/c892cc88a3f346f15cf761a6b4e6d2-e1679579329947.jpg","type":"image\/jpeg"}],"author":"jakubschenk","twitter_card":"summary_large_image","twitter_misc":{"Skriven av":"jakubschenk"},"schema":{"@context":"https:\/\/schema.org","@graph":[{"@type":"Article","@id":"https:\/\/www.agma.com\/sv\/klimatkvall-pa-nalen-onsdag-4-mars-2020-kl-1800\/#article","isPartOf":{"@id":"https:\/\/www.agma.com\/sv\/klimatkvall-pa-nalen-onsdag-4-mars-2020-kl-1800\/"},"author":{"name":"jakubschenk","@id":"https:\/\/www.agma.com\/sv\/#\/schema\/person\/6820b3ce1cc37edbaecc979090760d8b"},"headline":"Klimatkv\u00e4ll p\u00e5 Nalen onsdag 4 mars 2020 kl 18:00","datePublished":"2020-01-31T00:00:00+00:00","dateModified":"2020-07-21T06:25:10+00:00","mainEntityOfPage":{"@id":"https:\/\/www.agma.com\/sv\/klimatkvall-pa-nalen-onsdag-4-mars-2020-kl-1800\/"},"wordCount":83,"commentCount":0,"publisher":{"@id":"https:\/\/www.agma.com\/sv\/#organization"},"image":{"@id":"https:\/\/www.agma.com\/sv\/klimatkvall-pa-nalen-onsdag-4-mars-2020-kl-1800\/#primaryimage"},"thumbnailUrl":"https:\/\/www.agma.com\/wp-content\/uploads\/2020\/01\/c892cc88a3f346f15cf761a6b4e6d2-e1679579329947.jpg","articleSection":["Okategoriserad"],"inLanguage":"sv-SE","potentialAction":[{"@type":"CommentAction","name":"Comment","target":["https:\/\/www.agma.com\/sv\/klimatkvall-pa-nalen-onsdag-4-mars-2020-kl-1800\/#respond"]}]},{"@type":"WebPage","@id":"https:\/\/www.agma.com\/sv\/klimatkvall-pa-nalen-onsdag-4-mars-2020-kl-1800\/","url":"https:\/\/www.agma.com\/sv\/klimatkvall-pa-nalen-onsdag-4-mars-2020-kl-1800\/","name":"Klimatkv\u00e4ll p\u00e5 Nalen onsdag 4 mars 2020 kl 18:00 - Absolicon","isPartOf":{"@id":"https:\/\/www.agma.com\/sv\/#website"},"primaryImageOfPage":{"@id":"https:\/\/www.agma.com\/sv\/klimatkvall-pa-nalen-onsdag-4-mars-2020-kl-1800\/#primaryimage"},"image":{"@id":"https:\/\/www.agma.com\/sv\/klimatkvall-pa-nalen-onsdag-4-mars-2020-kl-1800\/#primaryimage"},"thumbnailUrl":"https:\/\/www.agma.com\/wp-content\/uploads\/2020\/01\/c892cc88a3f346f15cf761a6b4e6d2-e1679579329947.jpg","datePublished":"2020-01-31T00:00:00+00:00","dateModified":"2020-07-21T06:25:10+00:00","breadcrumb":{"@id":"https:\/\/www.agma.com\/sv\/klimatkvall-pa-nalen-onsdag-4-mars-2020-kl-1800\/#breadcrumb"},"inLanguage":"sv-SE","potentialAction":[{"@type":"ReadAction","target":["https:\/\/www.agma.com\/sv\/klimatkvall-pa-nalen-onsdag-4-mars-2020-kl-1800\/"]}]},{"@type":"ImageObject","inLanguage":"sv-SE","@id":"https:\/\/www.agma.com\/sv\/klimatkvall-pa-nalen-onsdag-4-mars-2020-kl-1800\/#primaryimage","url":"https:\/\/www.agma.com\/wp-content\/uploads\/2020\/01\/c892cc88a3f346f15cf761a6b4e6d2-e1679579329947.jpg","contentUrl":"https:\/\/www.agma.com\/wp-content\/uploads\/2020\/01\/c892cc88a3f346f15cf761a6b4e6d2-e1679579329947.jpg","width":518,"height":250},{"@type":"BreadcrumbList","@id":"https:\/\/www.agma.com\/sv\/klimatkvall-pa-nalen-onsdag-4-mars-2020-kl-1800\/#breadcrumb","itemListElement":[{"@type":"ListItem","position":1,"name":"Home","item":"https:\/\/www.agma.com\/sv\/"},{"@type":"ListItem","position":2,"name":"Klimatkv\u00e4ll p\u00e5 Nalen onsdag 4 mars 2020 kl 18:00"}]},{"@type":"WebSite","@id":"https:\/\/www.agma.com\/sv\/#website","url":"https:\/\/www.agma.com\/sv\/","name":"Absolicon","description":"","publisher":{"@id":"https:\/\/www.agma.com\/sv\/#organization"},"potentialAction":[{"@type":"SearchAction","target":{"@type":"EntryPoint","urlTemplate":"https:\/\/www.agma.com\/sv\/?s={search_term_string}"},"query-input":{"@type":"PropertyValueSpecification","valueRequired":true,"valueName":"search_term_string"}}],"inLanguage":"sv-SE"},{"@type":"Organization","@id":"https:\/\/www.agma.com\/sv\/#organization","name":"Absolicon","url":"https:\/\/www.agma.com\/sv\/","logo":{"@type":"ImageObject","inLanguage":"sv-SE","@id":"https:\/\/www.agma.com\/sv\/#\/schema\/logo\/image\/","url":"https:\/\/www.agma.com\/wp-content\/uploads\/2026\/04\/logotype_neg_blk.svg","contentUrl":"https:\/\/www.agma.com\/wp-content\/uploads\/2026\/04\/logotype_neg_blk.svg","width":705,"height":83,"caption":"Absolicon"},"image":{"@id":"https:\/\/www.agma.com\/sv\/#\/schema\/logo\/image\/"}},{"@type":"Person","@id":"https:\/\/www.agma.com\/sv\/#\/schema\/person\/6820b3ce1cc37edbaecc979090760d8b","name":"jakubschenk","image":{"@type":"ImageObject","inLanguage":"sv-SE","@id":"https:\/\/secure.gravatar.com\/avatar\/0ab843002d4a58702560e02354e5f9a3206e13bbfaa9df5a188e463870f605cd?s=96&d=mm&r=g","url":"https:\/\/secure.gravatar.com\/avatar\/0ab843002d4a58702560e02354e5f9a3206e13bbfaa9df5a188e463870f605cd?s=96&d=mm&r=g","contentUrl":"https:\/\/secure.gravatar.com\/avatar\/0ab843002d4a58702560e02354e5f9a3206e13bbfaa9df5a188e463870f605cd?s=96&d=mm&r=g","caption":"jakubschenk"},"sameAs":["https:\/\/www.agma.com"],"url":"https:\/\/www.agma.com\/sv\/author\/jakubschenk\/"}]}},"_links":{"self":[{"href":"https:\/\/www.agma.com\/sv\/wp-json\/wp\/v2\/posts\/9010","targetHints":{"allow":["GET"]}}],"collection":[{"href":"https:\/\/www.agma.com\/sv\/wp-json\/wp\/v2\/posts"}],"about":[{"href":"https:\/\/www.agma.com\/sv\/wp-json\/wp\/v2\/types\/post"}],"author":[{"embeddable":true,"href":"https:\/\/www.agma.com\/sv\/wp-json\/wp\/v2\/users\/1"}],"replies":[{"embeddable":true,"href":"https:\/\/www.agma.com\/sv\/wp-json\/wp\/v2\/comments?post=9010"}],"version-history":[{"count":2,"href":"https:\/\/www.agma.com\/sv\/wp-json\/wp\/v2\/posts\/9010\/revisions"}],"predecessor-version":[{"id":9124,"href":"https:\/\/www.agma.com\/sv\/wp-json\/wp\/v2\/posts\/9010\/revisions\/9124"}],"wp:featuredmedia":[{"embeddable":true,"href":"https:\/\/www.agma.com\/sv\/wp-json\/wp\/v2\/media\/9122"}],"wp:attachment":[{"href":"https:\/\/www.agma.com\/sv\/wp-json\/wp\/v2\/media?parent=9010"}],"wp:term":[{"taxonomy":"category","embeddable":true,"href":"https:\/\/www.agma.com\/sv\/wp-json\/wp\/v2\/categories?post=9010"},{"taxonomy":"post_tag","embeddable":true,"href":"https:\/\/www.agma.com\/sv\/wp-json\/wp\/v2\/tags?post=9010"}],"curies":[{"name":"wp","href":"https:\/\/api.w.org\/{rel}","templated":true}]}}