{"id":9011,"date":"2020-02-01T00:00:00","date_gmt":"2020-02-01T00:00:00","guid":{"rendered":"https:\/\/www.absolicon.com\/absolicondagen-lordag-29-feb\/"},"modified":"2020-07-21T06:23:35","modified_gmt":"2020-07-21T06:23:35","slug":"absolicondagen-lordag-29-feb","status":"publish","type":"post","link":"https:\/\/www.agma.com\/sv\/absolicondagen-lordag-29-feb\/","title":{"rendered":"Absolicondagen l\u00f6rdag 29 feb"},"content":{"rendered":"<p>[ingress]V\u00e4lkommen p\u00e5 Absolicondagen l\u00f6rdag 29 februari 2020 i H\u00e4rn\u00f6sand. Anm\u00e4l dig till en l\u00e4rorik och viktig kv\u00e4ll med Absolicon.[\/ingress]<\/p>\n<p>F\u00f6r fj\u00e4rde \u00e5ret anordnar vi Absolicondagen f\u00f6r aktie\u00e4gare och intresserade H\u00e4rn\u00f6sandsbor. Det g\u00e5ngna \u00e5ret har inneburit ett genombrott f\u00f6r Absolicon. Vi har nu tre tecknade ramavtal, potentiellt v\u00e4rda 120 miljoner kronor, och en p\u00e5g\u00e5ende f\u00f6retr\u00e4desemission om 50 miljoner kronor. Nu skall vi ber\u00e4tta vad vi planerar som n\u00e4sta steg i v\u00e5rt arbete att \u00e4ndra v\u00e4rldens energif\u00f6rs\u00f6rjning! <a href=\"https:\/\/docs.google.com\/forms\/d\/e\/1FAIpQLScD16_hXSHzAdr4uTggct3b2wjVch67plAvykNLskrZGBJzPQ\/viewform?usp=sf_link\">Anm\u00e4l dig h\u00e4r &gt;&gt;<\/a><\/p>\n<h2><strong>17:00 \u2013 17:30 Absolicon, Fiskaregatan 11, H\u00e4rn\u00f6sand<\/strong><\/h2>\n<p>Visning av Absolicon och v\u00e5r robotiserade produktionslina<\/p>\n<h2><strong>17.30 \u2013 21.00<\/strong> <strong>Teatern H\u00e4rn\u00f6sand<\/strong><\/h2>\n<p><strong>17:30 &#8211; 18:00<\/strong><\/p>\n<p>* Mottagning och f\u00f6rfriskningar<\/p>\n<p><strong>18:00 \u2013 18:45&nbsp;<\/strong><\/p>\n<p>* L\u00e4get i klimatarbetet och v\u00e5r kampanj &#8221;<em>Heat is half<\/em>&#8221;<\/p>\n<p>* V\u00e5ra samarbeten med multinationella f\u00f6retag<\/p>\n<p>* Halvera koldioxidutsl\u00e4ppen var 10 \u00e5r &#8221;<em>Carbon law<\/em>&#8221;<\/p>\n<div>\n<p><strong>kl. 18:45 &#8211; 20.15<\/strong><\/p>\n<p><strong><\/strong>* Mingelbricka och dryck (om man <span style=\"text-decoration: underline;\">vill<\/span> betala s\u00e5 kostar det 100 kr, men Absolicon bjuder!)<\/p>\n<\/div>\n<p><strong>kl. 20:15 &#8211; 21.00<\/strong><\/p>\n<p><strong><\/strong>* Solv\u00e4rme som l\u00f6sning p\u00e5 klimatutmaningen<\/p>\n<p>* Tusentals miljarder dollar i investeringar flyttas fr\u00e5n fossila br\u00e4nslen till f\u00f6rnyelsebar energi<\/p>\n<p>* Absolicons tre ramavtal om produktionslinor &#8211; Sydafrika, Kenya och Cypern!<\/p>\n<p><em><strong>V\u00e4lkomna!<\/strong><\/em><\/p>\n<p><a href=\"https:\/\/docs.google.com\/forms\/d\/e\/1FAIpQLScD16_hXSHzAdr4uTggct3b2wjVch67plAvykNLskrZGBJzPQ\/viewform?usp=sf_link\" target=\"_blank\" rel=\"noopener noreferrer\"><img decoding=\"async\" title=\"Anmal_dig\" src=\"https:\/\/www.agma.comwp-content\/uploads\/2020\/02\/Anmal_dig.png\" alt=\"\" width=\"231\" height=\"66\"><\/a><\/p>\n<p>&nbsp;<\/p>\n<p style=\"text-align: right;\"><em>Publicerat 2020-02-19<\/em><\/p>\n","protected":false},"excerpt":{"rendered":"<p>[ingress]V\u00e4lkommen p\u00e5 Absolicondagen l\u00f6rdag 29 februari 2020 i H\u00e4rn\u00f6sand. Anm\u00e4l dig till en l\u00e4rorik och viktig kv\u00e4ll med Absolicon.[\/ingress] F\u00f6r fj\u00e4rde \u00e5ret anordnar vi Absolicondagen f\u00f6r aktie\u00e4gare och intresserade H\u00e4rn\u00f6sandsbor. Det g\u00e5ngna \u00e5ret har inneburit ett genombrott f\u00f6r Absolicon. Vi har nu tre tecknade ramavtal, potentiellt v\u00e4rda 120 miljoner kronor, och en p\u00e5g\u00e5ende f\u00f6retr\u00e4desemission om [&hellip;]<\/p>\n","protected":false},"author":1,"featured_media":9118,"comment_status":"open","ping_status":"open","sticky":false,"template":"","format":"standard","meta":{"_acf_changed":false,"footnotes":""},"categories":[2],"tags":[],"class_list":["post-9011","post","type-post","status-publish","format-standard","has-post-thumbnail","hentry","category-okategoriserad"],"acf":[],"yoast_head":"<!-- This site is optimized with the Yoast SEO plugin v27.4 - https:\/\/yoast.com\/product\/yoast-seo-wordpress\/ -->\n<title>Absolicondagen l\u00f6rdag 29 feb - Absolicon<\/title>\n<meta name=\"robots\" content=\"index, follow, max-snippet:-1, max-image-preview:large, max-video-preview:-1\" \/>\n<link rel=\"canonical\" href=\"https:\/\/www.agma.com\/sv\/absolicondagen-lordag-29-feb\/\" \/>\n<meta property=\"og:locale\" content=\"sv_SE\" \/>\n<meta property=\"og:type\" content=\"article\" \/>\n<meta property=\"og:title\" content=\"Absolicondagen l\u00f6rdag 29 feb - Absolicon\" \/>\n<meta property=\"og:description\" content=\"[ingress]V\u00e4lkommen p\u00e5 Absolicondagen l\u00f6rdag 29 februari 2020 i H\u00e4rn\u00f6sand. Anm\u00e4l dig till en l\u00e4rorik och viktig kv\u00e4ll med Absolicon.[\/ingress] F\u00f6r fj\u00e4rde \u00e5ret anordnar vi Absolicondagen f\u00f6r aktie\u00e4gare och intresserade H\u00e4rn\u00f6sandsbor. Det g\u00e5ngna \u00e5ret har inneburit ett genombrott f\u00f6r Absolicon. Vi har nu tre tecknade ramavtal, potentiellt v\u00e4rda 120 miljoner kronor, och en p\u00e5g\u00e5ende f\u00f6retr\u00e4desemission om [&hellip;]\" \/>\n<meta property=\"og:url\" content=\"https:\/\/www.agma.com\/sv\/absolicondagen-lordag-29-feb\/\" \/>\n<meta property=\"og:site_name\" content=\"Absolicon\" \/>\n<meta property=\"article:published_time\" content=\"2020-02-01T00:00:00+00:00\" \/>\n<meta property=\"article:modified_time\" content=\"2020-07-21T06:23:35+00:00\" \/>\n<meta property=\"og:image\" content=\"https:\/\/www.agma.com\/wp-content\/uploads\/2020\/07\/64bf401f2f929895161558c059646e.jpg\" \/>\n\t<meta property=\"og:image:width\" content=\"720\" \/>\n\t<meta property=\"og:image:height\" content=\"250\" \/>\n\t<meta property=\"og:image:type\" content=\"image\/jpeg\" \/>\n<meta name=\"author\" content=\"jakubschenk\" \/>\n<meta name=\"twitter:card\" content=\"summary_large_image\" \/>\n<meta name=\"twitter:label1\" content=\"Skriven av\" \/>\n\t<meta name=\"twitter:data1\" content=\"jakubschenk\" \/>\n<script type=\"application\/ld+json\" class=\"yoast-schema-graph\">{\"@context\":\"https:\\\/\\\/schema.org\",\"@graph\":[{\"@type\":\"Article\",\"@id\":\"https:\\\/\\\/www.agma.com\\\/sv\\\/absolicondagen-lordag-29-feb\\\/#article\",\"isPartOf\":{\"@id\":\"https:\\\/\\\/www.agma.com\\\/sv\\\/absolicondagen-lordag-29-feb\\\/\"},\"author\":{\"name\":\"jakubschenk\",\"@id\":\"https:\\\/\\\/www.agma.com\\\/sv\\\/#\\\/schema\\\/person\\\/6820b3ce1cc37edbaecc979090760d8b\"},\"headline\":\"Absolicondagen l\u00f6rdag 29 feb\",\"datePublished\":\"2020-02-01T00:00:00+00:00\",\"dateModified\":\"2020-07-21T06:23:35+00:00\",\"mainEntityOfPage\":{\"@id\":\"https:\\\/\\\/www.agma.com\\\/sv\\\/absolicondagen-lordag-29-feb\\\/\"},\"wordCount\":214,\"commentCount\":0,\"publisher\":{\"@id\":\"https:\\\/\\\/www.agma.com\\\/sv\\\/#organization\"},\"image\":{\"@id\":\"https:\\\/\\\/www.agma.com\\\/sv\\\/absolicondagen-lordag-29-feb\\\/#primaryimage\"},\"thumbnailUrl\":\"https:\\\/\\\/www.agma.com\\\/wp-content\\\/uploads\\\/2020\\\/07\\\/64bf401f2f929895161558c059646e.jpg\",\"articleSection\":[\"Okategoriserad\"],\"inLanguage\":\"sv-SE\",\"potentialAction\":[{\"@type\":\"CommentAction\",\"name\":\"Comment\",\"target\":[\"https:\\\/\\\/www.agma.com\\\/sv\\\/absolicondagen-lordag-29-feb\\\/#respond\"]}]},{\"@type\":\"WebPage\",\"@id\":\"https:\\\/\\\/www.agma.com\\\/sv\\\/absolicondagen-lordag-29-feb\\\/\",\"url\":\"https:\\\/\\\/www.agma.com\\\/sv\\\/absolicondagen-lordag-29-feb\\\/\",\"name\":\"Absolicondagen l\u00f6rdag 29 feb - Absolicon\",\"isPartOf\":{\"@id\":\"https:\\\/\\\/www.agma.com\\\/sv\\\/#website\"},\"primaryImageOfPage\":{\"@id\":\"https:\\\/\\\/www.agma.com\\\/sv\\\/absolicondagen-lordag-29-feb\\\/#primaryimage\"},\"image\":{\"@id\":\"https:\\\/\\\/www.agma.com\\\/sv\\\/absolicondagen-lordag-29-feb\\\/#primaryimage\"},\"thumbnailUrl\":\"https:\\\/\\\/www.agma.com\\\/wp-content\\\/uploads\\\/2020\\\/07\\\/64bf401f2f929895161558c059646e.jpg\",\"datePublished\":\"2020-02-01T00:00:00+00:00\",\"dateModified\":\"2020-07-21T06:23:35+00:00\",\"breadcrumb\":{\"@id\":\"https:\\\/\\\/www.agma.com\\\/sv\\\/absolicondagen-lordag-29-feb\\\/#breadcrumb\"},\"inLanguage\":\"sv-SE\",\"potentialAction\":[{\"@type\":\"ReadAction\",\"target\":[\"https:\\\/\\\/www.agma.com\\\/sv\\\/absolicondagen-lordag-29-feb\\\/\"]}]},{\"@type\":\"ImageObject\",\"inLanguage\":\"sv-SE\",\"@id\":\"https:\\\/\\\/www.agma.com\\\/sv\\\/absolicondagen-lordag-29-feb\\\/#primaryimage\",\"url\":\"https:\\\/\\\/www.agma.com\\\/wp-content\\\/uploads\\\/2020\\\/07\\\/64bf401f2f929895161558c059646e.jpg\",\"contentUrl\":\"https:\\\/\\\/www.agma.com\\\/wp-content\\\/uploads\\\/2020\\\/07\\\/64bf401f2f929895161558c059646e.jpg\",\"width\":720,\"height\":250},{\"@type\":\"BreadcrumbList\",\"@id\":\"https:\\\/\\\/www.agma.com\\\/sv\\\/absolicondagen-lordag-29-feb\\\/#breadcrumb\",\"itemListElement\":[{\"@type\":\"ListItem\",\"position\":1,\"name\":\"Home\",\"item\":\"https:\\\/\\\/www.agma.com\\\/sv\\\/\"},{\"@type\":\"ListItem\",\"position\":2,\"name\":\"Absolicondagen l\u00f6rdag 29 feb\"}]},{\"@type\":\"WebSite\",\"@id\":\"https:\\\/\\\/www.agma.com\\\/sv\\\/#website\",\"url\":\"https:\\\/\\\/www.agma.com\\\/sv\\\/\",\"name\":\"Absolicon\",\"description\":\"\",\"publisher\":{\"@id\":\"https:\\\/\\\/www.agma.com\\\/sv\\\/#organization\"},\"potentialAction\":[{\"@type\":\"SearchAction\",\"target\":{\"@type\":\"EntryPoint\",\"urlTemplate\":\"https:\\\/\\\/www.agma.com\\\/sv\\\/?s={search_term_string}\"},\"query-input\":{\"@type\":\"PropertyValueSpecification\",\"valueRequired\":true,\"valueName\":\"search_term_string\"}}],\"inLanguage\":\"sv-SE\"},{\"@type\":\"Organization\",\"@id\":\"https:\\\/\\\/www.agma.com\\\/sv\\\/#organization\",\"name\":\"Absolicon\",\"url\":\"https:\\\/\\\/www.agma.com\\\/sv\\\/\",\"logo\":{\"@type\":\"ImageObject\",\"inLanguage\":\"sv-SE\",\"@id\":\"https:\\\/\\\/www.agma.com\\\/sv\\\/#\\\/schema\\\/logo\\\/image\\\/\",\"url\":\"https:\\\/\\\/www.agma.com\\\/wp-content\\\/uploads\\\/2026\\\/04\\\/logotype_neg_blk.svg\",\"contentUrl\":\"https:\\\/\\\/www.agma.com\\\/wp-content\\\/uploads\\\/2026\\\/04\\\/logotype_neg_blk.svg\",\"width\":705,\"height\":83,\"caption\":\"Absolicon\"},\"image\":{\"@id\":\"https:\\\/\\\/www.agma.com\\\/sv\\\/#\\\/schema\\\/logo\\\/image\\\/\"}},{\"@type\":\"Person\",\"@id\":\"https:\\\/\\\/www.agma.com\\\/sv\\\/#\\\/schema\\\/person\\\/6820b3ce1cc37edbaecc979090760d8b\",\"name\":\"jakubschenk\",\"image\":{\"@type\":\"ImageObject\",\"inLanguage\":\"sv-SE\",\"@id\":\"https:\\\/\\\/secure.gravatar.com\\\/avatar\\\/0ab843002d4a58702560e02354e5f9a3206e13bbfaa9df5a188e463870f605cd?s=96&d=mm&r=g\",\"url\":\"https:\\\/\\\/secure.gravatar.com\\\/avatar\\\/0ab843002d4a58702560e02354e5f9a3206e13bbfaa9df5a188e463870f605cd?s=96&d=mm&r=g\",\"contentUrl\":\"https:\\\/\\\/secure.gravatar.com\\\/avatar\\\/0ab843002d4a58702560e02354e5f9a3206e13bbfaa9df5a188e463870f605cd?s=96&d=mm&r=g\",\"caption\":\"jakubschenk\"},\"sameAs\":[\"https:\\\/\\\/www.agma.com\"],\"url\":\"https:\\\/\\\/www.agma.com\\\/sv\\\/author\\\/jakubschenk\\\/\"}]}<\/script>\n<!-- \/ Yoast SEO plugin. -->","yoast_head_json":{"title":"Absolicondagen l\u00f6rdag 29 feb - Absolicon","robots":{"index":"index","follow":"follow","max-snippet":"max-snippet:-1","max-image-preview":"max-image-preview:large","max-video-preview":"max-video-preview:-1"},"canonical":"https:\/\/www.agma.com\/sv\/absolicondagen-lordag-29-feb\/","og_locale":"sv_SE","og_type":"article","og_title":"Absolicondagen l\u00f6rdag 29 feb - Absolicon","og_description":"[ingress]V\u00e4lkommen p\u00e5 Absolicondagen l\u00f6rdag 29 februari 2020 i H\u00e4rn\u00f6sand. Anm\u00e4l dig till en l\u00e4rorik och viktig kv\u00e4ll med Absolicon.[\/ingress] F\u00f6r fj\u00e4rde \u00e5ret anordnar vi Absolicondagen f\u00f6r aktie\u00e4gare och intresserade H\u00e4rn\u00f6sandsbor. Det g\u00e5ngna \u00e5ret har inneburit ett genombrott f\u00f6r Absolicon. Vi har nu tre tecknade ramavtal, potentiellt v\u00e4rda 120 miljoner kronor, och en p\u00e5g\u00e5ende f\u00f6retr\u00e4desemission om [&hellip;]","og_url":"https:\/\/www.agma.com\/sv\/absolicondagen-lordag-29-feb\/","og_site_name":"Absolicon","article_published_time":"2020-02-01T00:00:00+00:00","article_modified_time":"2020-07-21T06:23:35+00:00","og_image":[{"width":720,"height":250,"url":"https:\/\/www.agma.com\/wp-content\/uploads\/2020\/07\/64bf401f2f929895161558c059646e.jpg","type":"image\/jpeg"}],"author":"jakubschenk","twitter_card":"summary_large_image","twitter_misc":{"Skriven av":"jakubschenk"},"schema":{"@context":"https:\/\/schema.org","@graph":[{"@type":"Article","@id":"https:\/\/www.agma.com\/sv\/absolicondagen-lordag-29-feb\/#article","isPartOf":{"@id":"https:\/\/www.agma.com\/sv\/absolicondagen-lordag-29-feb\/"},"author":{"name":"jakubschenk","@id":"https:\/\/www.agma.com\/sv\/#\/schema\/person\/6820b3ce1cc37edbaecc979090760d8b"},"headline":"Absolicondagen l\u00f6rdag 29 feb","datePublished":"2020-02-01T00:00:00+00:00","dateModified":"2020-07-21T06:23:35+00:00","mainEntityOfPage":{"@id":"https:\/\/www.agma.com\/sv\/absolicondagen-lordag-29-feb\/"},"wordCount":214,"commentCount":0,"publisher":{"@id":"https:\/\/www.agma.com\/sv\/#organization"},"image":{"@id":"https:\/\/www.agma.com\/sv\/absolicondagen-lordag-29-feb\/#primaryimage"},"thumbnailUrl":"https:\/\/www.agma.com\/wp-content\/uploads\/2020\/07\/64bf401f2f929895161558c059646e.jpg","articleSection":["Okategoriserad"],"inLanguage":"sv-SE","potentialAction":[{"@type":"CommentAction","name":"Comment","target":["https:\/\/www.agma.com\/sv\/absolicondagen-lordag-29-feb\/#respond"]}]},{"@type":"WebPage","@id":"https:\/\/www.agma.com\/sv\/absolicondagen-lordag-29-feb\/","url":"https:\/\/www.agma.com\/sv\/absolicondagen-lordag-29-feb\/","name":"Absolicondagen l\u00f6rdag 29 feb - Absolicon","isPartOf":{"@id":"https:\/\/www.agma.com\/sv\/#website"},"primaryImageOfPage":{"@id":"https:\/\/www.agma.com\/sv\/absolicondagen-lordag-29-feb\/#primaryimage"},"image":{"@id":"https:\/\/www.agma.com\/sv\/absolicondagen-lordag-29-feb\/#primaryimage"},"thumbnailUrl":"https:\/\/www.agma.com\/wp-content\/uploads\/2020\/07\/64bf401f2f929895161558c059646e.jpg","datePublished":"2020-02-01T00:00:00+00:00","dateModified":"2020-07-21T06:23:35+00:00","breadcrumb":{"@id":"https:\/\/www.agma.com\/sv\/absolicondagen-lordag-29-feb\/#breadcrumb"},"inLanguage":"sv-SE","potentialAction":[{"@type":"ReadAction","target":["https:\/\/www.agma.com\/sv\/absolicondagen-lordag-29-feb\/"]}]},{"@type":"ImageObject","inLanguage":"sv-SE","@id":"https:\/\/www.agma.com\/sv\/absolicondagen-lordag-29-feb\/#primaryimage","url":"https:\/\/www.agma.com\/wp-content\/uploads\/2020\/07\/64bf401f2f929895161558c059646e.jpg","contentUrl":"https:\/\/www.agma.com\/wp-content\/uploads\/2020\/07\/64bf401f2f929895161558c059646e.jpg","width":720,"height":250},{"@type":"BreadcrumbList","@id":"https:\/\/www.agma.com\/sv\/absolicondagen-lordag-29-feb\/#breadcrumb","itemListElement":[{"@type":"ListItem","position":1,"name":"Home","item":"https:\/\/www.agma.com\/sv\/"},{"@type":"ListItem","position":2,"name":"Absolicondagen l\u00f6rdag 29 feb"}]},{"@type":"WebSite","@id":"https:\/\/www.agma.com\/sv\/#website","url":"https:\/\/www.agma.com\/sv\/","name":"Absolicon","description":"","publisher":{"@id":"https:\/\/www.agma.com\/sv\/#organization"},"potentialAction":[{"@type":"SearchAction","target":{"@type":"EntryPoint","urlTemplate":"https:\/\/www.agma.com\/sv\/?s={search_term_string}"},"query-input":{"@type":"PropertyValueSpecification","valueRequired":true,"valueName":"search_term_string"}}],"inLanguage":"sv-SE"},{"@type":"Organization","@id":"https:\/\/www.agma.com\/sv\/#organization","name":"Absolicon","url":"https:\/\/www.agma.com\/sv\/","logo":{"@type":"ImageObject","inLanguage":"sv-SE","@id":"https:\/\/www.agma.com\/sv\/#\/schema\/logo\/image\/","url":"https:\/\/www.agma.com\/wp-content\/uploads\/2026\/04\/logotype_neg_blk.svg","contentUrl":"https:\/\/www.agma.com\/wp-content\/uploads\/2026\/04\/logotype_neg_blk.svg","width":705,"height":83,"caption":"Absolicon"},"image":{"@id":"https:\/\/www.agma.com\/sv\/#\/schema\/logo\/image\/"}},{"@type":"Person","@id":"https:\/\/www.agma.com\/sv\/#\/schema\/person\/6820b3ce1cc37edbaecc979090760d8b","name":"jakubschenk","image":{"@type":"ImageObject","inLanguage":"sv-SE","@id":"https:\/\/secure.gravatar.com\/avatar\/0ab843002d4a58702560e02354e5f9a3206e13bbfaa9df5a188e463870f605cd?s=96&d=mm&r=g","url":"https:\/\/secure.gravatar.com\/avatar\/0ab843002d4a58702560e02354e5f9a3206e13bbfaa9df5a188e463870f605cd?s=96&d=mm&r=g","contentUrl":"https:\/\/secure.gravatar.com\/avatar\/0ab843002d4a58702560e02354e5f9a3206e13bbfaa9df5a188e463870f605cd?s=96&d=mm&r=g","caption":"jakubschenk"},"sameAs":["https:\/\/www.agma.com"],"url":"https:\/\/www.agma.com\/sv\/author\/jakubschenk\/"}]}},"_links":{"self":[{"href":"https:\/\/www.agma.com\/sv\/wp-json\/wp\/v2\/posts\/9011","targetHints":{"allow":["GET"]}}],"collection":[{"href":"https:\/\/www.agma.com\/sv\/wp-json\/wp\/v2\/posts"}],"about":[{"href":"https:\/\/www.agma.com\/sv\/wp-json\/wp\/v2\/types\/post"}],"author":[{"embeddable":true,"href":"https:\/\/www.agma.com\/sv\/wp-json\/wp\/v2\/users\/1"}],"replies":[{"embeddable":true,"href":"https:\/\/www.agma.com\/sv\/wp-json\/wp\/v2\/comments?post=9011"}],"version-history":[{"count":1,"href":"https:\/\/www.agma.com\/sv\/wp-json\/wp\/v2\/posts\/9011\/revisions"}],"predecessor-version":[{"id":9120,"href":"https:\/\/www.agma.com\/sv\/wp-json\/wp\/v2\/posts\/9011\/revisions\/9120"}],"wp:featuredmedia":[{"embeddable":true,"href":"https:\/\/www.agma.com\/sv\/wp-json\/wp\/v2\/media\/9118"}],"wp:attachment":[{"href":"https:\/\/www.agma.com\/sv\/wp-json\/wp\/v2\/media?parent=9011"}],"wp:term":[{"taxonomy":"category","embeddable":true,"href":"https:\/\/www.agma.com\/sv\/wp-json\/wp\/v2\/categories?post=9011"},{"taxonomy":"post_tag","embeddable":true,"href":"https:\/\/www.agma.com\/sv\/wp-json\/wp\/v2\/tags?post=9011"}],"curies":[{"name":"wp","href":"https:\/\/api.w.org\/{rel}","templated":true}]}}