{"id":9013,"date":"2020-03-13T00:00:00","date_gmt":"2020-03-13T00:00:00","guid":{"rendered":"https:\/\/www.absolicon.com\/foretradesemissionen-for-expansion-overtecknades\/"},"modified":"2020-07-21T06:19:10","modified_gmt":"2020-07-21T06:19:10","slug":"foretradesemissionen-for-expansion-overtecknades","status":"publish","type":"post","link":"https:\/\/www.agma.com\/sv\/foretradesemissionen-for-expansion-overtecknades\/","title":{"rendered":"F\u00f6retr\u00e4desemissionen f\u00f6r expansion \u00f6vertecknades"},"content":{"rendered":"<p>[ingress]F\u00f6retr\u00e4desemissionen f\u00f6r att finansiera solenergif\u00f6retaget Absolicons marknadssatsning tecknades till drygt 56 MSEK vilket inneb\u00e4r en teckningsgrad om 112%.[\/ingress]<\/p>\n<p>Torsdagen 12 mars, mitt under v\u00e4rsta b\u00f6rsfallet i modern tid st\u00e4ngde f\u00f6retr\u00e4desemissionen i Absolicon som s\u00e4ljer produktionslinor f\u00f6r koncentrerande solf\u00e5ngare. Nu meddelar bolaget att emissionen om drygt 50 miljoner tecknades till 56 miljoner kronor.<\/p>\n<p>&#8211;&nbsp;&nbsp;&nbsp;&nbsp;&nbsp;&nbsp;&nbsp;&nbsp;&nbsp; Intresset har varit stort. V\u00e5rt budskap \u00e4r att denna emission skall anv\u00e4ndas till expansion. V\u00e5ra solf\u00e5ngare producerar v\u00e4rme till industrier och fj\u00e4rrv\u00e4rmen\u00e4t som skall sluta elda fossila br\u00e4nslen. I v\u00e4rlden st\u00e5r v\u00e4rme f\u00f6r halva anv\u00e4ndningen av energi. Eller \u2019heat is half\u2019 som vi s\u00e4ger, ber\u00e4ttar Joakim Bystr\u00f6m, vd p\u00e5 Absolicon.<\/p>\n<p>Mitt under emissionsperioden fick bolaget ett avtal med v\u00e4rldens st\u00f6rsta avsaltningsf\u00f6retag, saudiska SWCC. Absolicon skall bygga en pilotinstallation f\u00f6r att prova solf\u00e5ngarnas f\u00f6rm\u00e5ga att driva avsaltningsanl\u00e4ggningar i Saudiarabien.<\/p>\n<p>&#8211;&nbsp;&nbsp;&nbsp;&nbsp;&nbsp;&nbsp;&nbsp;&nbsp;&nbsp; Saudiarabien kommer beh\u00f6va investera i nya avsaltningsanl\u00e4ggningar n\u00e4r grundvattentillg\u00e5ngen minskar. Ist\u00e4llet f\u00f6r avsalta vatten genom att elda olja kan v\u00e5ra solf\u00e5ngare driva processen, ber\u00e4ttar Bystr\u00f6m.<\/p>\n<p>Tidigare har Absolicons solf\u00e5ngare antagits av v\u00e4rldens st\u00f6rsta bryggerikoncern, AB InBev, med 260 bryggerier \u00f6ver hela v\u00e4rlden. Bryggerij\u00e4tten har i ett f\u00f6rsta steg best\u00e4llt en pilotinstallation till sitt nya bryggeri i Mocambique.<\/p>\n<p>&#8211;&nbsp;&nbsp;&nbsp;&nbsp;&nbsp;&nbsp;&nbsp;&nbsp;&nbsp; I m\u00e5nga industrier st\u00e5r processv\u00e4rme f\u00f6r 60% &#8211; 80% av energif\u00f6rbrukningen. Med v\u00e5ra solf\u00e5ngare f\u00e5r textilindustrier, mejerier och kemiindustrier med hj\u00e4lp av solenergi noll i koldioxidutsl\u00e4pp och l\u00e4gre energikostnader, avslutar Bystr\u00f6m.<\/p>\n<h2>Emissionen<\/h2>\n<p><strong>Absolicons f\u00f6retr\u00e4desemission som p\u00e5gick 19 februari &#8211; 12 mars 2020 tecknades till totalt 56 448 810 kr vilket motsvarar en teckningsgrad om 112% av det beslutade emissionsbeloppet om 50,2 MSEK.<\/strong><\/p>\n<p>Varje gammal aktie gav tre f\u00f6retr\u00e4desr\u00e4tter. 10 teckningsr\u00e4tter kr\u00e4vdes f\u00f6r att f\u00e5 teckna en ny aktie f\u00f6r 110 kr. Totalt har 319 186 aktier tecknats med st\u00f6d av teckningsr\u00e4tter och 193 985 aktier utan teckningsr\u00e4tter.<\/p>\n<p>Styrelsen har i emissionsbeslutet m\u00f6jliggjort f\u00f6r \u00e4garspridning genom tv\u00e5 \u00f6vertilldelningsemissioner, vilket inneb\u00e4r att \u00e4ven tecknare utan f\u00f6retr\u00e4de har chans att f\u00e5 tilldelning.<\/p>\n<p>D\u00e5 emissionen \u00f6vertecknats kommer styrelsen besluta att emittera ytterligare 18 000 aktier till samma kurs och med avsteg fr\u00e5n f\u00f6retr\u00e4desr\u00e4tten. Tilldelningen sker i f\u00f6rsta hand i poster om 20 aktier i syfte att ut\u00f6ka antalet aktie\u00e4gare i Absolicon och i andra hand enligt anvisningarna i prospektet.<\/p>\n<p>Eftersom s\u00e5v\u00e4l f\u00f6retr\u00e4desemissionen som \u00f6vertilldelningsemissionen \u00f6vertecknas kommer huvud\u00e4garen Joakim Bystr\u00f6m, genom sitt bolag Eniara AB, att avyttra 18 000 sedan tidigare innehavda aktier, till samma teckningskurs som i nyemissionen, att f\u00f6rdelas i poster om 20 aktier i syfte att ut\u00f6ka antalet aktie\u00e4gare i Absolicon och i andra hand enligt anvisningarna i prospektet.<\/p>\n<p>Vid registreringen hos Bolagsverket kommer, med antagande att styrelsen beslutar att genomf\u00f6ra \u00f6vertilldelningsemissionen, aktiekapitalet att \u00f6kas med 475 073 kr, fr\u00e5n 1 523 577 kr till 1 998 650 kr. Antalet aktier kommer att \u00f6kas med 475 073 aktier, fr\u00e5n 1 523 577 aktier till 1 998 650 aktier. De nyemitterade aktierna kommer att utg\u00f6ra 24 procent av samtliga aktier.<\/p>\n<p>Absolicon kommer inklusive \u00f6verteckningsemissionen att tillf\u00f6ras ca 50,7 MSEK efter emissionskostnader om ca 1,5 Mkr. Emissionskostnaderna vilket motsvarar ca 2,8 procent av totalt tecknat belopp.<\/p>\n<p>Styrelsen kommer att sammantr\u00e4da under f\u00f6r att besluta om \u00f6verteckningsemission och tilldelning i enlighet med emissionsmemorandumet senast den 20\/3 2020.<\/p>\n<p>Handel p\u00e5g\u00e5r b\u00e5de i Absolicons ordinarie aktie (ABSL) och i betalda tecknade aktier (ABSL BTA) fram till dess att emissionen registrerats, varvid BTA omvandlas till ordinarie aktier.<\/p>\n<p>Under perioden genomf\u00f6rde Absolicon tre presentationer: p\u00e5 Financial Stockholm 24 februari 2020, hos Aktiespararna G\u00e4vle den 3 mars, Klimatkv\u00e4ll p\u00e5 Nalen i Stockholm den 4 mars, Sm\u00e5bolagsjakten 4 mars och Naventus 12 mars (p\u00e5 engelska).<\/p>\n<p>Se g\u00e4rna presentation och magasin:<\/p>\n<p><a href=\"https:\/\/youtu.be\/pxtf9fjS4jg?t=1226\">&gt;&gt; Presentation p\u00e5 Sm\u00e5bolagsjakten<\/a><\/p>\n<p><a href=\"https:\/\/www.agma.comwp-content\/uploads\/2020\/02\/Absolicon-Magasinet_-SE_2020_Web.pdf\">&gt;&gt; Absolicons magasin 2020<\/a><\/p>\n","protected":false},"excerpt":{"rendered":"<p>[ingress]F\u00f6retr\u00e4desemissionen f\u00f6r att finansiera solenergif\u00f6retaget Absolicons marknadssatsning tecknades till drygt 56 MSEK vilket inneb\u00e4r en teckningsgrad om 112%.[\/ingress] Torsdagen 12 mars, mitt under v\u00e4rsta b\u00f6rsfallet i modern tid st\u00e4ngde f\u00f6retr\u00e4desemissionen i Absolicon som s\u00e4ljer produktionslinor f\u00f6r koncentrerande solf\u00e5ngare. Nu meddelar bolaget att emissionen om drygt 50 miljoner tecknades till 56 miljoner kronor. &#8211;&nbsp;&nbsp;&nbsp;&nbsp;&nbsp;&nbsp;&nbsp;&nbsp;&nbsp; Intresset har [&hellip;]<\/p>\n","protected":false},"author":1,"featured_media":9107,"comment_status":"open","ping_status":"open","sticky":false,"template":"","format":"standard","meta":{"_acf_changed":false,"footnotes":""},"categories":[2],"tags":[],"class_list":["post-9013","post","type-post","status-publish","format-standard","has-post-thumbnail","hentry","category-okategoriserad"],"acf":[],"yoast_head":"<!-- This site is optimized with the Yoast SEO plugin v27.4 - https:\/\/yoast.com\/product\/yoast-seo-wordpress\/ -->\n<title>F\u00f6retr\u00e4desemissionen f\u00f6r expansion \u00f6vertecknades - Absolicon<\/title>\n<meta name=\"robots\" content=\"index, follow, max-snippet:-1, max-image-preview:large, max-video-preview:-1\" \/>\n<link rel=\"canonical\" href=\"https:\/\/www.agma.com\/sv\/foretradesemissionen-for-expansion-overtecknades\/\" \/>\n<meta property=\"og:locale\" content=\"sv_SE\" \/>\n<meta property=\"og:type\" content=\"article\" \/>\n<meta property=\"og:title\" content=\"F\u00f6retr\u00e4desemissionen f\u00f6r expansion \u00f6vertecknades - Absolicon\" \/>\n<meta property=\"og:description\" content=\"[ingress]F\u00f6retr\u00e4desemissionen f\u00f6r att finansiera solenergif\u00f6retaget Absolicons marknadssatsning tecknades till drygt 56 MSEK vilket inneb\u00e4r en teckningsgrad om 112%.[\/ingress] Torsdagen 12 mars, mitt under v\u00e4rsta b\u00f6rsfallet i modern tid st\u00e4ngde f\u00f6retr\u00e4desemissionen i Absolicon som s\u00e4ljer produktionslinor f\u00f6r koncentrerande solf\u00e5ngare. Nu meddelar bolaget att emissionen om drygt 50 miljoner tecknades till 56 miljoner kronor. &#8211;&nbsp;&nbsp;&nbsp;&nbsp;&nbsp;&nbsp;&nbsp;&nbsp;&nbsp; Intresset har [&hellip;]\" \/>\n<meta property=\"og:url\" content=\"https:\/\/www.agma.com\/sv\/foretradesemissionen-for-expansion-overtecknades\/\" \/>\n<meta property=\"og:site_name\" content=\"Absolicon\" \/>\n<meta property=\"article:published_time\" content=\"2020-03-13T00:00:00+00:00\" \/>\n<meta property=\"article:modified_time\" content=\"2020-07-21T06:19:10+00:00\" \/>\n<meta property=\"og:image\" content=\"https:\/\/www.agma.com\/wp-content\/uploads\/2020\/03\/47d1076e5c4bf7493c242cb26f5654-1.jpg\" \/>\n\t<meta property=\"og:image:width\" content=\"720\" \/>\n\t<meta property=\"og:image:height\" content=\"250\" \/>\n\t<meta property=\"og:image:type\" content=\"image\/jpeg\" \/>\n<meta name=\"author\" content=\"jakubschenk\" \/>\n<meta name=\"twitter:card\" content=\"summary_large_image\" \/>\n<meta name=\"twitter:label1\" content=\"Skriven av\" \/>\n\t<meta name=\"twitter:data1\" content=\"jakubschenk\" \/>\n<script type=\"application\/ld+json\" class=\"yoast-schema-graph\">{\"@context\":\"https:\\\/\\\/schema.org\",\"@graph\":[{\"@type\":\"Article\",\"@id\":\"https:\\\/\\\/www.agma.com\\\/sv\\\/foretradesemissionen-for-expansion-overtecknades\\\/#article\",\"isPartOf\":{\"@id\":\"https:\\\/\\\/www.agma.com\\\/sv\\\/foretradesemissionen-for-expansion-overtecknades\\\/\"},\"author\":{\"name\":\"jakubschenk\",\"@id\":\"https:\\\/\\\/www.agma.com\\\/sv\\\/#\\\/schema\\\/person\\\/6820b3ce1cc37edbaecc979090760d8b\"},\"headline\":\"F\u00f6retr\u00e4desemissionen f\u00f6r expansion \u00f6vertecknades\",\"datePublished\":\"2020-03-13T00:00:00+00:00\",\"dateModified\":\"2020-07-21T06:19:10+00:00\",\"mainEntityOfPage\":{\"@id\":\"https:\\\/\\\/www.agma.com\\\/sv\\\/foretradesemissionen-for-expansion-overtecknades\\\/\"},\"wordCount\":685,\"commentCount\":0,\"publisher\":{\"@id\":\"https:\\\/\\\/www.agma.com\\\/sv\\\/#organization\"},\"image\":{\"@id\":\"https:\\\/\\\/www.agma.com\\\/sv\\\/foretradesemissionen-for-expansion-overtecknades\\\/#primaryimage\"},\"thumbnailUrl\":\"https:\\\/\\\/www.agma.com\\\/wp-content\\\/uploads\\\/2020\\\/03\\\/47d1076e5c4bf7493c242cb26f5654-1.jpg\",\"articleSection\":[\"Okategoriserad\"],\"inLanguage\":\"sv-SE\",\"potentialAction\":[{\"@type\":\"CommentAction\",\"name\":\"Comment\",\"target\":[\"https:\\\/\\\/www.agma.com\\\/sv\\\/foretradesemissionen-for-expansion-overtecknades\\\/#respond\"]}]},{\"@type\":\"WebPage\",\"@id\":\"https:\\\/\\\/www.agma.com\\\/sv\\\/foretradesemissionen-for-expansion-overtecknades\\\/\",\"url\":\"https:\\\/\\\/www.agma.com\\\/sv\\\/foretradesemissionen-for-expansion-overtecknades\\\/\",\"name\":\"F\u00f6retr\u00e4desemissionen f\u00f6r expansion \u00f6vertecknades - Absolicon\",\"isPartOf\":{\"@id\":\"https:\\\/\\\/www.agma.com\\\/sv\\\/#website\"},\"primaryImageOfPage\":{\"@id\":\"https:\\\/\\\/www.agma.com\\\/sv\\\/foretradesemissionen-for-expansion-overtecknades\\\/#primaryimage\"},\"image\":{\"@id\":\"https:\\\/\\\/www.agma.com\\\/sv\\\/foretradesemissionen-for-expansion-overtecknades\\\/#primaryimage\"},\"thumbnailUrl\":\"https:\\\/\\\/www.agma.com\\\/wp-content\\\/uploads\\\/2020\\\/03\\\/47d1076e5c4bf7493c242cb26f5654-1.jpg\",\"datePublished\":\"2020-03-13T00:00:00+00:00\",\"dateModified\":\"2020-07-21T06:19:10+00:00\",\"breadcrumb\":{\"@id\":\"https:\\\/\\\/www.agma.com\\\/sv\\\/foretradesemissionen-for-expansion-overtecknades\\\/#breadcrumb\"},\"inLanguage\":\"sv-SE\",\"potentialAction\":[{\"@type\":\"ReadAction\",\"target\":[\"https:\\\/\\\/www.agma.com\\\/sv\\\/foretradesemissionen-for-expansion-overtecknades\\\/\"]}]},{\"@type\":\"ImageObject\",\"inLanguage\":\"sv-SE\",\"@id\":\"https:\\\/\\\/www.agma.com\\\/sv\\\/foretradesemissionen-for-expansion-overtecknades\\\/#primaryimage\",\"url\":\"https:\\\/\\\/www.agma.com\\\/wp-content\\\/uploads\\\/2020\\\/03\\\/47d1076e5c4bf7493c242cb26f5654-1.jpg\",\"contentUrl\":\"https:\\\/\\\/www.agma.com\\\/wp-content\\\/uploads\\\/2020\\\/03\\\/47d1076e5c4bf7493c242cb26f5654-1.jpg\",\"width\":720,\"height\":250},{\"@type\":\"BreadcrumbList\",\"@id\":\"https:\\\/\\\/www.agma.com\\\/sv\\\/foretradesemissionen-for-expansion-overtecknades\\\/#breadcrumb\",\"itemListElement\":[{\"@type\":\"ListItem\",\"position\":1,\"name\":\"Home\",\"item\":\"https:\\\/\\\/www.agma.com\\\/sv\\\/\"},{\"@type\":\"ListItem\",\"position\":2,\"name\":\"F\u00f6retr\u00e4desemissionen f\u00f6r expansion \u00f6vertecknades\"}]},{\"@type\":\"WebSite\",\"@id\":\"https:\\\/\\\/www.agma.com\\\/sv\\\/#website\",\"url\":\"https:\\\/\\\/www.agma.com\\\/sv\\\/\",\"name\":\"Absolicon\",\"description\":\"\",\"publisher\":{\"@id\":\"https:\\\/\\\/www.agma.com\\\/sv\\\/#organization\"},\"potentialAction\":[{\"@type\":\"SearchAction\",\"target\":{\"@type\":\"EntryPoint\",\"urlTemplate\":\"https:\\\/\\\/www.agma.com\\\/sv\\\/?s={search_term_string}\"},\"query-input\":{\"@type\":\"PropertyValueSpecification\",\"valueRequired\":true,\"valueName\":\"search_term_string\"}}],\"inLanguage\":\"sv-SE\"},{\"@type\":\"Organization\",\"@id\":\"https:\\\/\\\/www.agma.com\\\/sv\\\/#organization\",\"name\":\"Absolicon\",\"url\":\"https:\\\/\\\/www.agma.com\\\/sv\\\/\",\"logo\":{\"@type\":\"ImageObject\",\"inLanguage\":\"sv-SE\",\"@id\":\"https:\\\/\\\/www.agma.com\\\/sv\\\/#\\\/schema\\\/logo\\\/image\\\/\",\"url\":\"https:\\\/\\\/www.agma.com\\\/wp-content\\\/uploads\\\/2026\\\/04\\\/logotype_neg_blk.svg\",\"contentUrl\":\"https:\\\/\\\/www.agma.com\\\/wp-content\\\/uploads\\\/2026\\\/04\\\/logotype_neg_blk.svg\",\"width\":705,\"height\":83,\"caption\":\"Absolicon\"},\"image\":{\"@id\":\"https:\\\/\\\/www.agma.com\\\/sv\\\/#\\\/schema\\\/logo\\\/image\\\/\"}},{\"@type\":\"Person\",\"@id\":\"https:\\\/\\\/www.agma.com\\\/sv\\\/#\\\/schema\\\/person\\\/6820b3ce1cc37edbaecc979090760d8b\",\"name\":\"jakubschenk\",\"image\":{\"@type\":\"ImageObject\",\"inLanguage\":\"sv-SE\",\"@id\":\"https:\\\/\\\/secure.gravatar.com\\\/avatar\\\/0ab843002d4a58702560e02354e5f9a3206e13bbfaa9df5a188e463870f605cd?s=96&d=mm&r=g\",\"url\":\"https:\\\/\\\/secure.gravatar.com\\\/avatar\\\/0ab843002d4a58702560e02354e5f9a3206e13bbfaa9df5a188e463870f605cd?s=96&d=mm&r=g\",\"contentUrl\":\"https:\\\/\\\/secure.gravatar.com\\\/avatar\\\/0ab843002d4a58702560e02354e5f9a3206e13bbfaa9df5a188e463870f605cd?s=96&d=mm&r=g\",\"caption\":\"jakubschenk\"},\"sameAs\":[\"https:\\\/\\\/www.agma.com\"],\"url\":\"https:\\\/\\\/www.agma.com\\\/sv\\\/author\\\/jakubschenk\\\/\"}]}<\/script>\n<!-- \/ Yoast SEO plugin. -->","yoast_head_json":{"title":"F\u00f6retr\u00e4desemissionen f\u00f6r expansion \u00f6vertecknades - Absolicon","robots":{"index":"index","follow":"follow","max-snippet":"max-snippet:-1","max-image-preview":"max-image-preview:large","max-video-preview":"max-video-preview:-1"},"canonical":"https:\/\/www.agma.com\/sv\/foretradesemissionen-for-expansion-overtecknades\/","og_locale":"sv_SE","og_type":"article","og_title":"F\u00f6retr\u00e4desemissionen f\u00f6r expansion \u00f6vertecknades - Absolicon","og_description":"[ingress]F\u00f6retr\u00e4desemissionen f\u00f6r att finansiera solenergif\u00f6retaget Absolicons marknadssatsning tecknades till drygt 56 MSEK vilket inneb\u00e4r en teckningsgrad om 112%.[\/ingress] Torsdagen 12 mars, mitt under v\u00e4rsta b\u00f6rsfallet i modern tid st\u00e4ngde f\u00f6retr\u00e4desemissionen i Absolicon som s\u00e4ljer produktionslinor f\u00f6r koncentrerande solf\u00e5ngare. Nu meddelar bolaget att emissionen om drygt 50 miljoner tecknades till 56 miljoner kronor. &#8211;&nbsp;&nbsp;&nbsp;&nbsp;&nbsp;&nbsp;&nbsp;&nbsp;&nbsp; Intresset har [&hellip;]","og_url":"https:\/\/www.agma.com\/sv\/foretradesemissionen-for-expansion-overtecknades\/","og_site_name":"Absolicon","article_published_time":"2020-03-13T00:00:00+00:00","article_modified_time":"2020-07-21T06:19:10+00:00","og_image":[{"width":720,"height":250,"url":"https:\/\/www.agma.com\/wp-content\/uploads\/2020\/03\/47d1076e5c4bf7493c242cb26f5654-1.jpg","type":"image\/jpeg"}],"author":"jakubschenk","twitter_card":"summary_large_image","twitter_misc":{"Skriven av":"jakubschenk"},"schema":{"@context":"https:\/\/schema.org","@graph":[{"@type":"Article","@id":"https:\/\/www.agma.com\/sv\/foretradesemissionen-for-expansion-overtecknades\/#article","isPartOf":{"@id":"https:\/\/www.agma.com\/sv\/foretradesemissionen-for-expansion-overtecknades\/"},"author":{"name":"jakubschenk","@id":"https:\/\/www.agma.com\/sv\/#\/schema\/person\/6820b3ce1cc37edbaecc979090760d8b"},"headline":"F\u00f6retr\u00e4desemissionen f\u00f6r expansion \u00f6vertecknades","datePublished":"2020-03-13T00:00:00+00:00","dateModified":"2020-07-21T06:19:10+00:00","mainEntityOfPage":{"@id":"https:\/\/www.agma.com\/sv\/foretradesemissionen-for-expansion-overtecknades\/"},"wordCount":685,"commentCount":0,"publisher":{"@id":"https:\/\/www.agma.com\/sv\/#organization"},"image":{"@id":"https:\/\/www.agma.com\/sv\/foretradesemissionen-for-expansion-overtecknades\/#primaryimage"},"thumbnailUrl":"https:\/\/www.agma.com\/wp-content\/uploads\/2020\/03\/47d1076e5c4bf7493c242cb26f5654-1.jpg","articleSection":["Okategoriserad"],"inLanguage":"sv-SE","potentialAction":[{"@type":"CommentAction","name":"Comment","target":["https:\/\/www.agma.com\/sv\/foretradesemissionen-for-expansion-overtecknades\/#respond"]}]},{"@type":"WebPage","@id":"https:\/\/www.agma.com\/sv\/foretradesemissionen-for-expansion-overtecknades\/","url":"https:\/\/www.agma.com\/sv\/foretradesemissionen-for-expansion-overtecknades\/","name":"F\u00f6retr\u00e4desemissionen f\u00f6r expansion \u00f6vertecknades - Absolicon","isPartOf":{"@id":"https:\/\/www.agma.com\/sv\/#website"},"primaryImageOfPage":{"@id":"https:\/\/www.agma.com\/sv\/foretradesemissionen-for-expansion-overtecknades\/#primaryimage"},"image":{"@id":"https:\/\/www.agma.com\/sv\/foretradesemissionen-for-expansion-overtecknades\/#primaryimage"},"thumbnailUrl":"https:\/\/www.agma.com\/wp-content\/uploads\/2020\/03\/47d1076e5c4bf7493c242cb26f5654-1.jpg","datePublished":"2020-03-13T00:00:00+00:00","dateModified":"2020-07-21T06:19:10+00:00","breadcrumb":{"@id":"https:\/\/www.agma.com\/sv\/foretradesemissionen-for-expansion-overtecknades\/#breadcrumb"},"inLanguage":"sv-SE","potentialAction":[{"@type":"ReadAction","target":["https:\/\/www.agma.com\/sv\/foretradesemissionen-for-expansion-overtecknades\/"]}]},{"@type":"ImageObject","inLanguage":"sv-SE","@id":"https:\/\/www.agma.com\/sv\/foretradesemissionen-for-expansion-overtecknades\/#primaryimage","url":"https:\/\/www.agma.com\/wp-content\/uploads\/2020\/03\/47d1076e5c4bf7493c242cb26f5654-1.jpg","contentUrl":"https:\/\/www.agma.com\/wp-content\/uploads\/2020\/03\/47d1076e5c4bf7493c242cb26f5654-1.jpg","width":720,"height":250},{"@type":"BreadcrumbList","@id":"https:\/\/www.agma.com\/sv\/foretradesemissionen-for-expansion-overtecknades\/#breadcrumb","itemListElement":[{"@type":"ListItem","position":1,"name":"Home","item":"https:\/\/www.agma.com\/sv\/"},{"@type":"ListItem","position":2,"name":"F\u00f6retr\u00e4desemissionen f\u00f6r expansion \u00f6vertecknades"}]},{"@type":"WebSite","@id":"https:\/\/www.agma.com\/sv\/#website","url":"https:\/\/www.agma.com\/sv\/","name":"Absolicon","description":"","publisher":{"@id":"https:\/\/www.agma.com\/sv\/#organization"},"potentialAction":[{"@type":"SearchAction","target":{"@type":"EntryPoint","urlTemplate":"https:\/\/www.agma.com\/sv\/?s={search_term_string}"},"query-input":{"@type":"PropertyValueSpecification","valueRequired":true,"valueName":"search_term_string"}}],"inLanguage":"sv-SE"},{"@type":"Organization","@id":"https:\/\/www.agma.com\/sv\/#organization","name":"Absolicon","url":"https:\/\/www.agma.com\/sv\/","logo":{"@type":"ImageObject","inLanguage":"sv-SE","@id":"https:\/\/www.agma.com\/sv\/#\/schema\/logo\/image\/","url":"https:\/\/www.agma.com\/wp-content\/uploads\/2026\/04\/logotype_neg_blk.svg","contentUrl":"https:\/\/www.agma.com\/wp-content\/uploads\/2026\/04\/logotype_neg_blk.svg","width":705,"height":83,"caption":"Absolicon"},"image":{"@id":"https:\/\/www.agma.com\/sv\/#\/schema\/logo\/image\/"}},{"@type":"Person","@id":"https:\/\/www.agma.com\/sv\/#\/schema\/person\/6820b3ce1cc37edbaecc979090760d8b","name":"jakubschenk","image":{"@type":"ImageObject","inLanguage":"sv-SE","@id":"https:\/\/secure.gravatar.com\/avatar\/0ab843002d4a58702560e02354e5f9a3206e13bbfaa9df5a188e463870f605cd?s=96&d=mm&r=g","url":"https:\/\/secure.gravatar.com\/avatar\/0ab843002d4a58702560e02354e5f9a3206e13bbfaa9df5a188e463870f605cd?s=96&d=mm&r=g","contentUrl":"https:\/\/secure.gravatar.com\/avatar\/0ab843002d4a58702560e02354e5f9a3206e13bbfaa9df5a188e463870f605cd?s=96&d=mm&r=g","caption":"jakubschenk"},"sameAs":["https:\/\/www.agma.com"],"url":"https:\/\/www.agma.com\/sv\/author\/jakubschenk\/"}]}},"_links":{"self":[{"href":"https:\/\/www.agma.com\/sv\/wp-json\/wp\/v2\/posts\/9013","targetHints":{"allow":["GET"]}}],"collection":[{"href":"https:\/\/www.agma.com\/sv\/wp-json\/wp\/v2\/posts"}],"about":[{"href":"https:\/\/www.agma.com\/sv\/wp-json\/wp\/v2\/types\/post"}],"author":[{"embeddable":true,"href":"https:\/\/www.agma.com\/sv\/wp-json\/wp\/v2\/users\/1"}],"replies":[{"embeddable":true,"href":"https:\/\/www.agma.com\/sv\/wp-json\/wp\/v2\/comments?post=9013"}],"version-history":[{"count":1,"href":"https:\/\/www.agma.com\/sv\/wp-json\/wp\/v2\/posts\/9013\/revisions"}],"predecessor-version":[{"id":9109,"href":"https:\/\/www.agma.com\/sv\/wp-json\/wp\/v2\/posts\/9013\/revisions\/9109"}],"wp:featuredmedia":[{"embeddable":true,"href":"https:\/\/www.agma.com\/sv\/wp-json\/wp\/v2\/media\/9107"}],"wp:attachment":[{"href":"https:\/\/www.agma.com\/sv\/wp-json\/wp\/v2\/media?parent=9013"}],"wp:term":[{"taxonomy":"category","embeddable":true,"href":"https:\/\/www.agma.com\/sv\/wp-json\/wp\/v2\/categories?post=9013"},{"taxonomy":"post_tag","embeddable":true,"href":"https:\/\/www.agma.com\/sv\/wp-json\/wp\/v2\/tags?post=9013"}],"curies":[{"name":"wp","href":"https:\/\/api.w.org\/{rel}","templated":true}]}}