{"id":9014,"date":"2020-03-24T00:00:00","date_gmt":"2020-03-24T00:00:00","guid":{"rendered":"https:\/\/www.absolicon.com\/absolicon-star-stadigt-trots-coronakris\/"},"modified":"2020-07-21T06:18:07","modified_gmt":"2020-07-21T06:18:07","slug":"absolicon-star-stadigt-trots-coronakris","status":"publish","type":"post","link":"https:\/\/www.agma.com\/sv\/absolicon-star-stadigt-trots-coronakris\/","title":{"rendered":"Absolicon st\u00e5r stadigt trots Coronakris"},"content":{"rendered":"<p>[ingress]I en utmanande tid f\u00f6r f\u00f6retag och samh\u00e4llen arbetar Absolicon p\u00e5 enligt plan. Klimatkrisen har inte tagit paus och arbetet med \u00f6verg\u00e5ngen till h\u00e5llbara energik\u00e4llor \u00e4r minst lika angel\u00e4get som tidigare. Planerade pilotinstallationer har fortsatt gr\u00f6nt ljus och den nyligen genomf\u00f6rda f\u00f6retr\u00e4desemissionen \u00f6vertecknades till 112 % vilket ger Absolicon en stabil grund att st\u00e5 p\u00e5 under de n\u00e4rmaste \u00e5ren.[\/ingress]<\/p>\n<p>De pilotinstallationer som \u00e4r planerade i bland annat <a title=\"Bryggerikoncernen AB InBev v\u00e4ljer Absolicon\" href=\"https:\/\/www.agma.combryggerikoncernen-ab-inbev-valjer-absolicon\/\">Mocambique <\/a>och <a title=\"SWCC best\u00e4ller pilotanl\u00e4ggning fr\u00e5n Absolicon\" href=\"https:\/\/www.agma.comswcc-bestaller-pilotanlaggning-fran-absolicon\/\">Saudiarabien <\/a>p\u00e5verkas i dagsl\u00e4get inte av Corona och storf\u00f6retagen som lagt best\u00e4llningar har meddelat Absolicon att projekten ska genomf\u00f6ras som planerat. Produktionen av solf\u00e5ngare f\u00f6r<a title=\"Bryggerikoncernen AB InBev v\u00e4ljer Absolicon\" href=\"https:\/\/www.agma.combryggerikoncernen-ab-inbev-valjer-absolicon\/\"> pilotanl\u00e4ggningen hos v\u00e4rldens st\u00f6rsta bryggerikoncern AB InBev<\/a> p\u00e5g\u00e5r f\u00f6r fullt och erforderliga komponenter f\u00f6r produktionen finns i lager eller kan tillverkas lokalt.<\/p>\n<p>&#8211; I nul\u00e4get jobbar vi p\u00e5 enligt plan men i tider som dessa m\u00e5ste vi ha en \u00f6dmjuk inst\u00e4llning och inse att saker kan f\u00f6r\u00e4ndras snabbt. D\u00e4r vi ser att det kan uppst\u00e5 utmaningar \u00e4r i dagsl\u00e4get vid skeppning och installation, men inget vi inte klarat tidigare, s\u00e4ger Joakim Bystr\u00f6m, vd Absolicon.<\/p>\n<p><strong>St\u00f6dpaket kan underl\u00e4tta ytterligare f\u00f6rs\u00e4ljning<\/strong><\/p>\n<p>Regeringens nya st\u00f6dpaket inneb\u00e4r 50 miljarder kronor extra i exportkrediter till f\u00f6retag. Krediten kan underl\u00e4tta f\u00f6rs\u00e4ljningen av Absolicons produktionslinor avsev\u00e4rt d\u00e5 en kund som k\u00f6per en produktionslina med exportkrediten kan v\u00e4lja att dela upp betalningen under fem \u00e5r.<\/p>\n<p><strong>F\u00f6retr\u00e4desemission \u00f6vertecknades<\/strong><\/p>\n<p>Under v\u00e5ren genomf\u00f6rde Absolicon en <a title=\"F\u00f6retr\u00e4desemission om 50 MSEK skall ge Absolicon globalt genombrott och en dominerande st\u00e4llning i sin bransch\" href=\"https:\/\/www.agma.comforetradesemission-om-50-msek-skall-ge-absolicon-globalt-genombrott-och-en-dominerande-stallning-i-sin-bransch\/\">f\u00f6retr\u00e4desemission om 50 MSEK<\/a>. Emissionen tecknades till 112% vilket i realiteten inneb\u00e4r att bolaget i ett scenario utan n\u00e5gra ytterligare int\u00e4kter har kapital f\u00f6r f\u00f6rs\u00e4ljning, utveckling och pilotinstallationer under de n\u00e4rmaste tv\u00e5 \u00e5ren.<\/p>\n<p>&#8211; Jag k\u00e4nner mig tacksam \u00f6ver det stora st\u00f6d som Absolicons 3500 aktie\u00e4gare visat under teckningsperioden. Ett s\u00e4rskilt tack till de n\u00e4ra 400 personer som kom p\u00e5 klimatkv\u00e4llen p\u00e5 Nalen i Stockholm och p\u00e5 Absolicondagen i H\u00e4rn\u00f6sand, s\u00e4ger Joakim Bystr\u00f6m.<\/p>\n<p><strong>Interna \u00e5tg\u00e4rder f\u00f6r att bem\u00f6ta Corona-effekter<\/strong><\/p>\n<p>De <a title=\"Absolicon rekryterar\" href=\"https:\/\/www.agma.comabsolicon-rekryterar-2\/\">fem nya medarbetare<\/a> som rekryterats under h\u00f6sten har alla nu tilltr\u00e4tt sina tj\u00e4nster och skapar en betydande kapacitetsf\u00f6rst\u00e4rkning och en m\u00f6jlighet att arbeta effektivare p\u00e5 flera omr\u00e5den.<\/p>\n<p>Absolicon r\u00e4knar med extra sjukfr\u00e5nvaro under v\u00e5ren 2020 p\u00e5 grund av Coronaviruset och f\u00f6r att m\u00f6ta bortfallet utan att tappa tempo har bolaget tagit in ytterligare en person extra i solf\u00e5ngarproduktionen.<\/p>\n<p>I kundkontakten satsar Absolicon ytterligare p\u00e5 att utveckla sina digitala hj\u00e4lpmedel i form av <a href=\"https:\/\/www.agma.comfs\/\">f\u00e4ltsimulator <\/a>och <a href=\"https:\/\/vimeo.com\/absolicon\">informationsvideor <\/a>f\u00f6r att underl\u00e4tta f\u00f6r kunder och samarbetspartners att g\u00f6ra v\u00e4l underbyggda beslut trots avst\u00e5ndet.<\/p>\n<p>&#8211; I en utmanande tid f\u00f6r f\u00f6retag och samh\u00e4llen k\u00e4nns det bra att Absolicon kan forts\u00e4tta som planerat. Det finns m\u00e5nga likheter mellan klimatkrisen och Corona. B\u00e5da handlar om problem som ligger n\u00e5got in i framtiden och som i huvudsak drabbar n\u00e5gon annan. V\u00e5r solidaritet st\u00e4lls p\u00e5 prov och vi p\u00e5 Absolicon har alla ambitioner f\u00f6r att forts\u00e4tta arbeta f\u00f6r en h\u00e5llbar framtid, s\u00e4ger Joakim Bystr\u00f6m.<\/p>\n","protected":false},"excerpt":{"rendered":"<p>[ingress]I en utmanande tid f\u00f6r f\u00f6retag och samh\u00e4llen arbetar Absolicon p\u00e5 enligt plan. Klimatkrisen har inte tagit paus och arbetet med \u00f6verg\u00e5ngen till h\u00e5llbara energik\u00e4llor \u00e4r minst lika angel\u00e4get som tidigare. Planerade pilotinstallationer har fortsatt gr\u00f6nt ljus och den nyligen genomf\u00f6rda f\u00f6retr\u00e4desemissionen \u00f6vertecknades till 112 % vilket ger Absolicon en stabil grund att st\u00e5 p\u00e5 [&hellip;]<\/p>\n","protected":false},"author":1,"featured_media":9104,"comment_status":"open","ping_status":"open","sticky":false,"template":"","format":"standard","meta":{"_acf_changed":false,"footnotes":""},"categories":[2],"tags":[],"class_list":["post-9014","post","type-post","status-publish","format-standard","has-post-thumbnail","hentry","category-okategoriserad"],"acf":[],"yoast_head":"<!-- This site is optimized with the Yoast SEO plugin v27.4 - https:\/\/yoast.com\/product\/yoast-seo-wordpress\/ -->\n<title>Absolicon st\u00e5r stadigt trots Coronakris - Absolicon<\/title>\n<meta name=\"robots\" content=\"index, follow, max-snippet:-1, max-image-preview:large, max-video-preview:-1\" \/>\n<link rel=\"canonical\" href=\"https:\/\/www.agma.com\/sv\/absolicon-star-stadigt-trots-coronakris\/\" \/>\n<meta property=\"og:locale\" content=\"sv_SE\" \/>\n<meta property=\"og:type\" content=\"article\" \/>\n<meta property=\"og:title\" content=\"Absolicon st\u00e5r stadigt trots Coronakris - Absolicon\" \/>\n<meta property=\"og:description\" content=\"[ingress]I en utmanande tid f\u00f6r f\u00f6retag och samh\u00e4llen arbetar Absolicon p\u00e5 enligt plan. Klimatkrisen har inte tagit paus och arbetet med \u00f6verg\u00e5ngen till h\u00e5llbara energik\u00e4llor \u00e4r minst lika angel\u00e4get som tidigare. Planerade pilotinstallationer har fortsatt gr\u00f6nt ljus och den nyligen genomf\u00f6rda f\u00f6retr\u00e4desemissionen \u00f6vertecknades till 112 % vilket ger Absolicon en stabil grund att st\u00e5 p\u00e5 [&hellip;]\" \/>\n<meta property=\"og:url\" content=\"https:\/\/www.agma.com\/sv\/absolicon-star-stadigt-trots-coronakris\/\" \/>\n<meta property=\"og:site_name\" content=\"Absolicon\" \/>\n<meta property=\"article:published_time\" content=\"2020-03-24T00:00:00+00:00\" \/>\n<meta property=\"article:modified_time\" content=\"2020-07-21T06:18:07+00:00\" \/>\n<meta property=\"og:image\" content=\"https:\/\/www.agma.com\/wp-content\/uploads\/2020\/03\/b2375fd753522d18b3f7d26429f699.jpg\" \/>\n\t<meta property=\"og:image:width\" content=\"720\" \/>\n\t<meta property=\"og:image:height\" content=\"250\" \/>\n\t<meta property=\"og:image:type\" content=\"image\/jpeg\" \/>\n<meta name=\"author\" content=\"jakubschenk\" \/>\n<meta name=\"twitter:card\" content=\"summary_large_image\" \/>\n<meta name=\"twitter:label1\" content=\"Skriven av\" \/>\n\t<meta name=\"twitter:data1\" content=\"jakubschenk\" \/>\n<script type=\"application\/ld+json\" class=\"yoast-schema-graph\">{\"@context\":\"https:\\\/\\\/schema.org\",\"@graph\":[{\"@type\":\"Article\",\"@id\":\"https:\\\/\\\/www.agma.com\\\/sv\\\/absolicon-star-stadigt-trots-coronakris\\\/#article\",\"isPartOf\":{\"@id\":\"https:\\\/\\\/www.agma.com\\\/sv\\\/absolicon-star-stadigt-trots-coronakris\\\/\"},\"author\":{\"name\":\"jakubschenk\",\"@id\":\"https:\\\/\\\/www.agma.com\\\/sv\\\/#\\\/schema\\\/person\\\/6820b3ce1cc37edbaecc979090760d8b\"},\"headline\":\"Absolicon st\u00e5r stadigt trots Coronakris\",\"datePublished\":\"2020-03-24T00:00:00+00:00\",\"dateModified\":\"2020-07-21T06:18:07+00:00\",\"mainEntityOfPage\":{\"@id\":\"https:\\\/\\\/www.agma.com\\\/sv\\\/absolicon-star-stadigt-trots-coronakris\\\/\"},\"wordCount\":565,\"commentCount\":0,\"publisher\":{\"@id\":\"https:\\\/\\\/www.agma.com\\\/sv\\\/#organization\"},\"image\":{\"@id\":\"https:\\\/\\\/www.agma.com\\\/sv\\\/absolicon-star-stadigt-trots-coronakris\\\/#primaryimage\"},\"thumbnailUrl\":\"https:\\\/\\\/www.agma.com\\\/wp-content\\\/uploads\\\/2020\\\/03\\\/b2375fd753522d18b3f7d26429f699.jpg\",\"articleSection\":[\"Okategoriserad\"],\"inLanguage\":\"sv-SE\",\"potentialAction\":[{\"@type\":\"CommentAction\",\"name\":\"Comment\",\"target\":[\"https:\\\/\\\/www.agma.com\\\/sv\\\/absolicon-star-stadigt-trots-coronakris\\\/#respond\"]}]},{\"@type\":\"WebPage\",\"@id\":\"https:\\\/\\\/www.agma.com\\\/sv\\\/absolicon-star-stadigt-trots-coronakris\\\/\",\"url\":\"https:\\\/\\\/www.agma.com\\\/sv\\\/absolicon-star-stadigt-trots-coronakris\\\/\",\"name\":\"Absolicon st\u00e5r stadigt trots Coronakris - Absolicon\",\"isPartOf\":{\"@id\":\"https:\\\/\\\/www.agma.com\\\/sv\\\/#website\"},\"primaryImageOfPage\":{\"@id\":\"https:\\\/\\\/www.agma.com\\\/sv\\\/absolicon-star-stadigt-trots-coronakris\\\/#primaryimage\"},\"image\":{\"@id\":\"https:\\\/\\\/www.agma.com\\\/sv\\\/absolicon-star-stadigt-trots-coronakris\\\/#primaryimage\"},\"thumbnailUrl\":\"https:\\\/\\\/www.agma.com\\\/wp-content\\\/uploads\\\/2020\\\/03\\\/b2375fd753522d18b3f7d26429f699.jpg\",\"datePublished\":\"2020-03-24T00:00:00+00:00\",\"dateModified\":\"2020-07-21T06:18:07+00:00\",\"breadcrumb\":{\"@id\":\"https:\\\/\\\/www.agma.com\\\/sv\\\/absolicon-star-stadigt-trots-coronakris\\\/#breadcrumb\"},\"inLanguage\":\"sv-SE\",\"potentialAction\":[{\"@type\":\"ReadAction\",\"target\":[\"https:\\\/\\\/www.agma.com\\\/sv\\\/absolicon-star-stadigt-trots-coronakris\\\/\"]}]},{\"@type\":\"ImageObject\",\"inLanguage\":\"sv-SE\",\"@id\":\"https:\\\/\\\/www.agma.com\\\/sv\\\/absolicon-star-stadigt-trots-coronakris\\\/#primaryimage\",\"url\":\"https:\\\/\\\/www.agma.com\\\/wp-content\\\/uploads\\\/2020\\\/03\\\/b2375fd753522d18b3f7d26429f699.jpg\",\"contentUrl\":\"https:\\\/\\\/www.agma.com\\\/wp-content\\\/uploads\\\/2020\\\/03\\\/b2375fd753522d18b3f7d26429f699.jpg\",\"width\":720,\"height\":250},{\"@type\":\"BreadcrumbList\",\"@id\":\"https:\\\/\\\/www.agma.com\\\/sv\\\/absolicon-star-stadigt-trots-coronakris\\\/#breadcrumb\",\"itemListElement\":[{\"@type\":\"ListItem\",\"position\":1,\"name\":\"Home\",\"item\":\"https:\\\/\\\/www.agma.com\\\/sv\\\/\"},{\"@type\":\"ListItem\",\"position\":2,\"name\":\"Absolicon st\u00e5r stadigt trots Coronakris\"}]},{\"@type\":\"WebSite\",\"@id\":\"https:\\\/\\\/www.agma.com\\\/sv\\\/#website\",\"url\":\"https:\\\/\\\/www.agma.com\\\/sv\\\/\",\"name\":\"Absolicon\",\"description\":\"\",\"publisher\":{\"@id\":\"https:\\\/\\\/www.agma.com\\\/sv\\\/#organization\"},\"potentialAction\":[{\"@type\":\"SearchAction\",\"target\":{\"@type\":\"EntryPoint\",\"urlTemplate\":\"https:\\\/\\\/www.agma.com\\\/sv\\\/?s={search_term_string}\"},\"query-input\":{\"@type\":\"PropertyValueSpecification\",\"valueRequired\":true,\"valueName\":\"search_term_string\"}}],\"inLanguage\":\"sv-SE\"},{\"@type\":\"Organization\",\"@id\":\"https:\\\/\\\/www.agma.com\\\/sv\\\/#organization\",\"name\":\"Absolicon\",\"url\":\"https:\\\/\\\/www.agma.com\\\/sv\\\/\",\"logo\":{\"@type\":\"ImageObject\",\"inLanguage\":\"sv-SE\",\"@id\":\"https:\\\/\\\/www.agma.com\\\/sv\\\/#\\\/schema\\\/logo\\\/image\\\/\",\"url\":\"https:\\\/\\\/www.agma.com\\\/wp-content\\\/uploads\\\/2026\\\/04\\\/logotype_neg_blk.svg\",\"contentUrl\":\"https:\\\/\\\/www.agma.com\\\/wp-content\\\/uploads\\\/2026\\\/04\\\/logotype_neg_blk.svg\",\"width\":705,\"height\":83,\"caption\":\"Absolicon\"},\"image\":{\"@id\":\"https:\\\/\\\/www.agma.com\\\/sv\\\/#\\\/schema\\\/logo\\\/image\\\/\"}},{\"@type\":\"Person\",\"@id\":\"https:\\\/\\\/www.agma.com\\\/sv\\\/#\\\/schema\\\/person\\\/6820b3ce1cc37edbaecc979090760d8b\",\"name\":\"jakubschenk\",\"image\":{\"@type\":\"ImageObject\",\"inLanguage\":\"sv-SE\",\"@id\":\"https:\\\/\\\/secure.gravatar.com\\\/avatar\\\/0ab843002d4a58702560e02354e5f9a3206e13bbfaa9df5a188e463870f605cd?s=96&d=mm&r=g\",\"url\":\"https:\\\/\\\/secure.gravatar.com\\\/avatar\\\/0ab843002d4a58702560e02354e5f9a3206e13bbfaa9df5a188e463870f605cd?s=96&d=mm&r=g\",\"contentUrl\":\"https:\\\/\\\/secure.gravatar.com\\\/avatar\\\/0ab843002d4a58702560e02354e5f9a3206e13bbfaa9df5a188e463870f605cd?s=96&d=mm&r=g\",\"caption\":\"jakubschenk\"},\"sameAs\":[\"https:\\\/\\\/www.agma.com\"],\"url\":\"https:\\\/\\\/www.agma.com\\\/sv\\\/author\\\/jakubschenk\\\/\"}]}<\/script>\n<!-- \/ Yoast SEO plugin. -->","yoast_head_json":{"title":"Absolicon st\u00e5r stadigt trots Coronakris - Absolicon","robots":{"index":"index","follow":"follow","max-snippet":"max-snippet:-1","max-image-preview":"max-image-preview:large","max-video-preview":"max-video-preview:-1"},"canonical":"https:\/\/www.agma.com\/sv\/absolicon-star-stadigt-trots-coronakris\/","og_locale":"sv_SE","og_type":"article","og_title":"Absolicon st\u00e5r stadigt trots Coronakris - Absolicon","og_description":"[ingress]I en utmanande tid f\u00f6r f\u00f6retag och samh\u00e4llen arbetar Absolicon p\u00e5 enligt plan. Klimatkrisen har inte tagit paus och arbetet med \u00f6verg\u00e5ngen till h\u00e5llbara energik\u00e4llor \u00e4r minst lika angel\u00e4get som tidigare. Planerade pilotinstallationer har fortsatt gr\u00f6nt ljus och den nyligen genomf\u00f6rda f\u00f6retr\u00e4desemissionen \u00f6vertecknades till 112 % vilket ger Absolicon en stabil grund att st\u00e5 p\u00e5 [&hellip;]","og_url":"https:\/\/www.agma.com\/sv\/absolicon-star-stadigt-trots-coronakris\/","og_site_name":"Absolicon","article_published_time":"2020-03-24T00:00:00+00:00","article_modified_time":"2020-07-21T06:18:07+00:00","og_image":[{"width":720,"height":250,"url":"https:\/\/www.agma.com\/wp-content\/uploads\/2020\/03\/b2375fd753522d18b3f7d26429f699.jpg","type":"image\/jpeg"}],"author":"jakubschenk","twitter_card":"summary_large_image","twitter_misc":{"Skriven av":"jakubschenk"},"schema":{"@context":"https:\/\/schema.org","@graph":[{"@type":"Article","@id":"https:\/\/www.agma.com\/sv\/absolicon-star-stadigt-trots-coronakris\/#article","isPartOf":{"@id":"https:\/\/www.agma.com\/sv\/absolicon-star-stadigt-trots-coronakris\/"},"author":{"name":"jakubschenk","@id":"https:\/\/www.agma.com\/sv\/#\/schema\/person\/6820b3ce1cc37edbaecc979090760d8b"},"headline":"Absolicon st\u00e5r stadigt trots Coronakris","datePublished":"2020-03-24T00:00:00+00:00","dateModified":"2020-07-21T06:18:07+00:00","mainEntityOfPage":{"@id":"https:\/\/www.agma.com\/sv\/absolicon-star-stadigt-trots-coronakris\/"},"wordCount":565,"commentCount":0,"publisher":{"@id":"https:\/\/www.agma.com\/sv\/#organization"},"image":{"@id":"https:\/\/www.agma.com\/sv\/absolicon-star-stadigt-trots-coronakris\/#primaryimage"},"thumbnailUrl":"https:\/\/www.agma.com\/wp-content\/uploads\/2020\/03\/b2375fd753522d18b3f7d26429f699.jpg","articleSection":["Okategoriserad"],"inLanguage":"sv-SE","potentialAction":[{"@type":"CommentAction","name":"Comment","target":["https:\/\/www.agma.com\/sv\/absolicon-star-stadigt-trots-coronakris\/#respond"]}]},{"@type":"WebPage","@id":"https:\/\/www.agma.com\/sv\/absolicon-star-stadigt-trots-coronakris\/","url":"https:\/\/www.agma.com\/sv\/absolicon-star-stadigt-trots-coronakris\/","name":"Absolicon st\u00e5r stadigt trots Coronakris - Absolicon","isPartOf":{"@id":"https:\/\/www.agma.com\/sv\/#website"},"primaryImageOfPage":{"@id":"https:\/\/www.agma.com\/sv\/absolicon-star-stadigt-trots-coronakris\/#primaryimage"},"image":{"@id":"https:\/\/www.agma.com\/sv\/absolicon-star-stadigt-trots-coronakris\/#primaryimage"},"thumbnailUrl":"https:\/\/www.agma.com\/wp-content\/uploads\/2020\/03\/b2375fd753522d18b3f7d26429f699.jpg","datePublished":"2020-03-24T00:00:00+00:00","dateModified":"2020-07-21T06:18:07+00:00","breadcrumb":{"@id":"https:\/\/www.agma.com\/sv\/absolicon-star-stadigt-trots-coronakris\/#breadcrumb"},"inLanguage":"sv-SE","potentialAction":[{"@type":"ReadAction","target":["https:\/\/www.agma.com\/sv\/absolicon-star-stadigt-trots-coronakris\/"]}]},{"@type":"ImageObject","inLanguage":"sv-SE","@id":"https:\/\/www.agma.com\/sv\/absolicon-star-stadigt-trots-coronakris\/#primaryimage","url":"https:\/\/www.agma.com\/wp-content\/uploads\/2020\/03\/b2375fd753522d18b3f7d26429f699.jpg","contentUrl":"https:\/\/www.agma.com\/wp-content\/uploads\/2020\/03\/b2375fd753522d18b3f7d26429f699.jpg","width":720,"height":250},{"@type":"BreadcrumbList","@id":"https:\/\/www.agma.com\/sv\/absolicon-star-stadigt-trots-coronakris\/#breadcrumb","itemListElement":[{"@type":"ListItem","position":1,"name":"Home","item":"https:\/\/www.agma.com\/sv\/"},{"@type":"ListItem","position":2,"name":"Absolicon st\u00e5r stadigt trots Coronakris"}]},{"@type":"WebSite","@id":"https:\/\/www.agma.com\/sv\/#website","url":"https:\/\/www.agma.com\/sv\/","name":"Absolicon","description":"","publisher":{"@id":"https:\/\/www.agma.com\/sv\/#organization"},"potentialAction":[{"@type":"SearchAction","target":{"@type":"EntryPoint","urlTemplate":"https:\/\/www.agma.com\/sv\/?s={search_term_string}"},"query-input":{"@type":"PropertyValueSpecification","valueRequired":true,"valueName":"search_term_string"}}],"inLanguage":"sv-SE"},{"@type":"Organization","@id":"https:\/\/www.agma.com\/sv\/#organization","name":"Absolicon","url":"https:\/\/www.agma.com\/sv\/","logo":{"@type":"ImageObject","inLanguage":"sv-SE","@id":"https:\/\/www.agma.com\/sv\/#\/schema\/logo\/image\/","url":"https:\/\/www.agma.com\/wp-content\/uploads\/2026\/04\/logotype_neg_blk.svg","contentUrl":"https:\/\/www.agma.com\/wp-content\/uploads\/2026\/04\/logotype_neg_blk.svg","width":705,"height":83,"caption":"Absolicon"},"image":{"@id":"https:\/\/www.agma.com\/sv\/#\/schema\/logo\/image\/"}},{"@type":"Person","@id":"https:\/\/www.agma.com\/sv\/#\/schema\/person\/6820b3ce1cc37edbaecc979090760d8b","name":"jakubschenk","image":{"@type":"ImageObject","inLanguage":"sv-SE","@id":"https:\/\/secure.gravatar.com\/avatar\/0ab843002d4a58702560e02354e5f9a3206e13bbfaa9df5a188e463870f605cd?s=96&d=mm&r=g","url":"https:\/\/secure.gravatar.com\/avatar\/0ab843002d4a58702560e02354e5f9a3206e13bbfaa9df5a188e463870f605cd?s=96&d=mm&r=g","contentUrl":"https:\/\/secure.gravatar.com\/avatar\/0ab843002d4a58702560e02354e5f9a3206e13bbfaa9df5a188e463870f605cd?s=96&d=mm&r=g","caption":"jakubschenk"},"sameAs":["https:\/\/www.agma.com"],"url":"https:\/\/www.agma.com\/sv\/author\/jakubschenk\/"}]}},"_links":{"self":[{"href":"https:\/\/www.agma.com\/sv\/wp-json\/wp\/v2\/posts\/9014","targetHints":{"allow":["GET"]}}],"collection":[{"href":"https:\/\/www.agma.com\/sv\/wp-json\/wp\/v2\/posts"}],"about":[{"href":"https:\/\/www.agma.com\/sv\/wp-json\/wp\/v2\/types\/post"}],"author":[{"embeddable":true,"href":"https:\/\/www.agma.com\/sv\/wp-json\/wp\/v2\/users\/1"}],"replies":[{"embeddable":true,"href":"https:\/\/www.agma.com\/sv\/wp-json\/wp\/v2\/comments?post=9014"}],"version-history":[{"count":1,"href":"https:\/\/www.agma.com\/sv\/wp-json\/wp\/v2\/posts\/9014\/revisions"}],"predecessor-version":[{"id":9106,"href":"https:\/\/www.agma.com\/sv\/wp-json\/wp\/v2\/posts\/9014\/revisions\/9106"}],"wp:featuredmedia":[{"embeddable":true,"href":"https:\/\/www.agma.com\/sv\/wp-json\/wp\/v2\/media\/9104"}],"wp:attachment":[{"href":"https:\/\/www.agma.com\/sv\/wp-json\/wp\/v2\/media?parent=9014"}],"wp:term":[{"taxonomy":"category","embeddable":true,"href":"https:\/\/www.agma.com\/sv\/wp-json\/wp\/v2\/categories?post=9014"},{"taxonomy":"post_tag","embeddable":true,"href":"https:\/\/www.agma.com\/sv\/wp-json\/wp\/v2\/tags?post=9014"}],"curies":[{"name":"wp","href":"https:\/\/api.w.org\/{rel}","templated":true}]}}