{"id":9022,"date":"2020-04-16T00:00:00","date_gmt":"2020-04-16T00:00:00","guid":{"rendered":"https:\/\/www.absolicon.com\/suld-tecknar-ramavtal-med-absolicon-om-forvarv-av-produktionslina-i-mongoliet\/"},"modified":"2020-07-21T06:05:58","modified_gmt":"2020-07-21T06:05:58","slug":"suld-tecknar-ramavtal-med-absolicon-om-forvarv-av-produktionslina-i-mongoliet","status":"publish","type":"post","link":"https:\/\/www.agma.com\/sv\/suld-tecknar-ramavtal-med-absolicon-om-forvarv-av-produktionslina-i-mongoliet\/","title":{"rendered":"Suld tecknar ramavtal med Absolicon om f\u00f6rv\u00e4rv av produktionslina i Mongoliet"},"content":{"rendered":"<p>[ingress]Suld United LCC (Suld) har tecknat ett ramavtal med Absolicon om f\u00f6rv\u00e4rv av en produktionslina f\u00f6r solf\u00e5ngaren T160 i Mongoliet. Suld \u00e4r moderbolag i en grupp av fyra f\u00f6retag som tillhandah\u00e5ller energitj\u00e4nster, service av tunga fordon och transporter. Det totala f\u00f6rs\u00e4ljningsv\u00e4rdet som omfattas av avtalet uppskattas till 40\u201350 miljoner kronor plus m\u00e5natlig licensavgift om 4% och f\u00f6rs\u00e4ljning av komponenter.[\/ingress]<\/p>\n<p>Absolicons produktionslinor f\u00f6r koncentrerande solf\u00e5ngare kan f\u00f6r\u00e4ndra energif\u00f6rs\u00f6rjningen f\u00f6r enskilda industrier och hela st\u00e4der. Mongoliet \u00e4r ett av de l\u00e4nder i Asien med b\u00e4st solinstr\u00e5lning.<\/p>\n<p>Mongoliet \u00e4r ett demokratiskt land mellan Ryssland och Kina med drygt tre miljoner innev\u00e5nare. Ekonomin domineras av gruvn\u00e4ring med b\u00e5de guld- och koppargruvor. M\u00e5nga arbetar ocks\u00e5 med boskapssk\u00f6tsel och jordbruk.<\/p>\n<p>Suld och Absolicon har nu tecknat ett ramavtal om f\u00f6rv\u00e4rv av en produktionslina&nbsp;f\u00f6r etablering i Mongoliet f\u00f6r att f\u00f6rse regionen med avancerade solf\u00e5ngare.<\/p>\n<p>Samarbetet bygger p\u00e5 Sulds kontakter i Mongoliet inom gruvn\u00e4ringen och f\u00f6retagets verksamhet f\u00f6r energitj\u00e4nster till industrier och fastigheter. Genom de logistik- och servicetj\u00e4nster som Suld erbjuder arbetar de n\u00e4ra m\u00e5nga av de stora f\u00f6retagen i Mongoliet och de representerar internationellt v\u00e4lk\u00e4nda tillverkare av fordonsdelar och underh\u00e5llsmaterial. De har utvecklat ett brett n\u00e4tverk av kunder och partners.<\/p>\n<p>Det finns i Mongoliet ett v\u00e4xande intresse f\u00f6r soldriven fj\u00e4rrv\u00e4rme.<\/p>\n<p>Dotterbolaget Suld Industrial tillhandah\u00e5ller klimat-, kontroll- och s\u00e4kerhetsutrustning f\u00f6r industrier, hotell och stormarknader. De kommer nu ocks\u00e5 att erbjuda solv\u00e4rme till sina kunder. Under \u00e5rens lopp har Suld utvecklat aff\u00e4rer med m\u00e5nga nationella och internationella f\u00f6retag som Coca-Cola, Carrier Transcold och Wabco.<\/p>\n<p>De marknadssegment f\u00f6r Absolicons solf\u00e5ngarteknik d\u00e4r Suld redan har aff\u00e4rsrelationer \u00e4r:<\/p>\n<ul>\n<li>Gruv- och olje- och gasindustrin<\/li>\n<li>Fj\u00e4rrv\u00e4rme<\/li>\n<li>Livsmedels- och dryckesindustrin<\/li>\n<\/ul>\n<h2>Inneh\u00e5ll i ramavtalet<\/h2>\n<p>Ramavtalet beskriver de separata avtal som skall uppr\u00e4ttas i processen. Absolicons int\u00e4kter fr\u00e5n f\u00f6rs\u00e4ljningen kan inordnas i tre grupper: f\u00f6rv\u00e4rv av linan, licensint\u00e4kter och int\u00e4kter fr\u00e5n materialf\u00f6rs\u00e4ljning.<\/p>\n<p><strong>1. F\u00f6rs\u00e4ljning av produktionslinan<\/strong><\/p>\n<p>Produktionslinan \u00e4r av samma modell som Absolicon har i Sverige och som bolaget redan levererat till Sichuanprovinsen. Linan med tv\u00e5 sexaxliga robotar har kapacitet att tillverka 50 MW solf\u00e5ngare (100 000 m2) per \u00e5r. Tillsammans med h\u00e5rdvaran levererar Absolicon konsultst\u00f6d f\u00f6r marknadsarbete och teknisk support, utveckling och teknisk utbildning.<\/p>\n<p>Det totala v\u00e4rdet av h\u00e5rdvara och aktiviteter som omfattas av avtalet uppskattas till 40\u201350 miljoner kronor.<\/p>\n<p><strong>2. Licens f\u00f6r att tillverka T160<\/strong><\/p>\n<p>F\u00f6r r\u00e4ttigheten att tillverka T160 under Absolicons immaterialr\u00e4ttsliga skydd, ta del av framtida produktutveckling och anv\u00e4nda Absolicons varum\u00e4rke utg\u00e5r m\u00e5natlig licensavgift om ca 4% p\u00e5 f\u00f6rs\u00e4ljningsv\u00e4rdet.<\/p>\n<p>Produktionslinan i full produktion tillverkar p\u00e5 ett skift 50 MW solf\u00e5ngare (100 000 m2) per \u00e5r med f\u00f6rs\u00e4ljningsv\u00e4rde 200\u2013250 miljoner kronor vilket med 4% licensavgift skulle inneb\u00e4ra ca 8 miljoner kronor per \u00e5r i licensint\u00e4kt. Absolicons uppskattning \u00e4r dock att det tar tid innan Suld utvecklat solv\u00e4rmemarknaden f\u00f6r industrier i regionen s\u00e5 att de volymerna kan uppn\u00e5s.<\/p>\n<p><strong>3. Materialf\u00f6rs\u00f6rjning<\/strong><\/p>\n<p>Genom avtalet s\u00e4kerst\u00e4ller Absolicon tillg\u00e5ng p\u00e5 patenterade komponenter och insatsvaror av h\u00f6g kvalit\u00e9 som delvis tillverkas i Mongoliet eller lokalt vid installationsplatsen.<\/p>\n<p>Vid full produktion beh\u00f6ver produktionslinan k\u00f6pa material f\u00f6r 100\u2013150 miljoner kronor per \u00e5r d\u00e4r 40% &#8211; 50% av ink\u00f6pen kan komma att g\u00e5 genom Absolicon och 50% &#8211; 60% fr\u00e5n lokala underleverant\u00f6rer. Utfallet f\u00f6r Absolicon beror i viss utstr\u00e4ckning p\u00e5 resultatet av Absolicons p\u00e5g\u00e5ende materialsatsning.<\/p>\n<h2>Ramavtalet beskriver \u00f6vergripande principer<\/h2>\n<p>Ramavtalet \u00e4r inte bindande, utan f\u00f6reskriver de \u00f6vergripande principerna f\u00f6r de separata avtal som skall uppr\u00e4ttas. Det uppskattade v\u00e4rdet av f\u00f6rs\u00e4ljningen kan komma att \u00e4ndras liksom slutgiltig utformning av produktionslinans produktionskapacitet. Absolicon uppskattar idag att f\u00f6rs\u00e4ljningsv\u00e4rdet av avtalet ligger i nedre delen av intervallet 40-50 miljoner kronor.<\/p>\n<p>Om Suld inte uppfyller sina \u00e5taganden i varje steg f\u00f6rlorar de r\u00e4tten att genomf\u00f6ra f\u00f6rv\u00e4rvet och har d\u00e5 m\u00f6jlighet att f\u00e5 tillbaka en del av k\u00f6peskillingen, dock aldrig f\u00f6r Absolicons havda kostnader.<\/p>\n<p><strong>N\u00e4sta steg<\/strong><\/p>\n<p>F\u00f6rhandlingarna inf\u00f6r undertecknandet av ramavtalet har i detta fall g\u00e5tt fort och samarbetet \u00e4r fortfarande i ett tidigt skede. Diskussioner har just inletts om de f\u00f6rsta pilotinstallationerna av T160 i Mongoliet. Nu sker mer detaljerad kontraktsskrivning. Betalning sker steg f\u00f6r steg p\u00e5 samma s\u00e4tt som vid den tidigare f\u00f6rs\u00e4ljningen av produktionslinan&nbsp;till provinsen Sichuan.<\/p>\n<p><em>Denna information \u00e4r s\u00e5dan information som <\/em><em>Absolicon Solar Collector AB<\/em> <em>\u00e4r skyldigt att offentligg\u00f6ra enligt EU:s marknadsmissbruksf\u00f6rordning. <a href=\"https:\/\/news.cision.com\/se\/absolicon\/r\/suld-tecknar-ramavtal-med-absolicon-om-forvarv-av-produktionslina-i-mongoliet,c3089761\">Informationen l\u00e4mnades, genom ovanst\u00e5ende kontaktpersons f\u00f6rsorg,<\/a><\/em><a href=\"https:\/\/news.cision.com\/se\/absolicon\/r\/suld-tecknar-ramavtal-med-absolicon-om-forvarv-av-produktionslina-i-mongoliet,c3089761\"> f\u00f6r offentligg\u00f6rande<em> den 16 april 2020<\/em><em>.<\/em><\/a><\/p>\n","protected":false},"excerpt":{"rendered":"<p>[ingress]Suld United LCC (Suld) har tecknat ett ramavtal med Absolicon om f\u00f6rv\u00e4rv av en produktionslina f\u00f6r solf\u00e5ngaren T160 i Mongoliet. Suld \u00e4r moderbolag i en grupp av fyra f\u00f6retag som tillhandah\u00e5ller energitj\u00e4nster, service av tunga fordon och transporter. Det totala f\u00f6rs\u00e4ljningsv\u00e4rdet som omfattas av avtalet uppskattas till 40\u201350 miljoner kronor plus m\u00e5natlig licensavgift om 4% [&hellip;]<\/p>\n","protected":false},"author":1,"featured_media":9073,"comment_status":"open","ping_status":"open","sticky":false,"template":"","format":"standard","meta":{"_acf_changed":false,"footnotes":""},"categories":[2],"tags":[],"class_list":["post-9022","post","type-post","status-publish","format-standard","has-post-thumbnail","hentry","category-okategoriserad"],"acf":[],"yoast_head":"<!-- This site is optimized with the Yoast SEO plugin v27.4 - https:\/\/yoast.com\/product\/yoast-seo-wordpress\/ -->\n<title>Suld tecknar ramavtal med Absolicon om f\u00f6rv\u00e4rv av produktionslina i Mongoliet - Absolicon<\/title>\n<meta name=\"robots\" content=\"index, follow, max-snippet:-1, max-image-preview:large, max-video-preview:-1\" \/>\n<link rel=\"canonical\" href=\"https:\/\/www.agma.com\/sv\/suld-tecknar-ramavtal-med-absolicon-om-forvarv-av-produktionslina-i-mongoliet\/\" \/>\n<meta property=\"og:locale\" content=\"sv_SE\" \/>\n<meta property=\"og:type\" content=\"article\" \/>\n<meta property=\"og:title\" content=\"Suld tecknar ramavtal med Absolicon om f\u00f6rv\u00e4rv av produktionslina i Mongoliet - Absolicon\" \/>\n<meta property=\"og:description\" content=\"[ingress]Suld United LCC (Suld) har tecknat ett ramavtal med Absolicon om f\u00f6rv\u00e4rv av en produktionslina f\u00f6r solf\u00e5ngaren T160 i Mongoliet. Suld \u00e4r moderbolag i en grupp av fyra f\u00f6retag som tillhandah\u00e5ller energitj\u00e4nster, service av tunga fordon och transporter. Det totala f\u00f6rs\u00e4ljningsv\u00e4rdet som omfattas av avtalet uppskattas till 40\u201350 miljoner kronor plus m\u00e5natlig licensavgift om 4% [&hellip;]\" \/>\n<meta property=\"og:url\" content=\"https:\/\/www.agma.com\/sv\/suld-tecknar-ramavtal-med-absolicon-om-forvarv-av-produktionslina-i-mongoliet\/\" \/>\n<meta property=\"og:site_name\" content=\"Absolicon\" \/>\n<meta property=\"article:published_time\" content=\"2020-04-16T00:00:00+00:00\" \/>\n<meta property=\"article:modified_time\" content=\"2020-07-21T06:05:58+00:00\" \/>\n<meta property=\"og:image\" content=\"https:\/\/www.agma.com\/wp-content\/uploads\/2020\/06\/75525ef48afce145338f261160e7c9.jpg\" \/>\n\t<meta property=\"og:image:width\" content=\"720\" \/>\n\t<meta property=\"og:image:height\" content=\"250\" \/>\n\t<meta property=\"og:image:type\" content=\"image\/jpeg\" \/>\n<meta name=\"author\" content=\"jakubschenk\" \/>\n<meta name=\"twitter:card\" content=\"summary_large_image\" \/>\n<meta name=\"twitter:label1\" content=\"Skriven av\" \/>\n\t<meta name=\"twitter:data1\" content=\"jakubschenk\" \/>\n<script type=\"application\/ld+json\" class=\"yoast-schema-graph\">{\"@context\":\"https:\\\/\\\/schema.org\",\"@graph\":[{\"@type\":\"Article\",\"@id\":\"https:\\\/\\\/www.agma.com\\\/sv\\\/suld-tecknar-ramavtal-med-absolicon-om-forvarv-av-produktionslina-i-mongoliet\\\/#article\",\"isPartOf\":{\"@id\":\"https:\\\/\\\/www.agma.com\\\/sv\\\/suld-tecknar-ramavtal-med-absolicon-om-forvarv-av-produktionslina-i-mongoliet\\\/\"},\"author\":{\"name\":\"jakubschenk\",\"@id\":\"https:\\\/\\\/www.agma.com\\\/sv\\\/#\\\/schema\\\/person\\\/6820b3ce1cc37edbaecc979090760d8b\"},\"headline\":\"Suld tecknar ramavtal med Absolicon om f\u00f6rv\u00e4rv av produktionslina i Mongoliet\",\"datePublished\":\"2020-04-16T00:00:00+00:00\",\"dateModified\":\"2020-07-21T06:05:58+00:00\",\"mainEntityOfPage\":{\"@id\":\"https:\\\/\\\/www.agma.com\\\/sv\\\/suld-tecknar-ramavtal-med-absolicon-om-forvarv-av-produktionslina-i-mongoliet\\\/\"},\"wordCount\":842,\"commentCount\":0,\"publisher\":{\"@id\":\"https:\\\/\\\/www.agma.com\\\/sv\\\/#organization\"},\"image\":{\"@id\":\"https:\\\/\\\/www.agma.com\\\/sv\\\/suld-tecknar-ramavtal-med-absolicon-om-forvarv-av-produktionslina-i-mongoliet\\\/#primaryimage\"},\"thumbnailUrl\":\"https:\\\/\\\/www.agma.com\\\/wp-content\\\/uploads\\\/2020\\\/06\\\/75525ef48afce145338f261160e7c9.jpg\",\"articleSection\":[\"Okategoriserad\"],\"inLanguage\":\"sv-SE\",\"potentialAction\":[{\"@type\":\"CommentAction\",\"name\":\"Comment\",\"target\":[\"https:\\\/\\\/www.agma.com\\\/sv\\\/suld-tecknar-ramavtal-med-absolicon-om-forvarv-av-produktionslina-i-mongoliet\\\/#respond\"]}]},{\"@type\":\"WebPage\",\"@id\":\"https:\\\/\\\/www.agma.com\\\/sv\\\/suld-tecknar-ramavtal-med-absolicon-om-forvarv-av-produktionslina-i-mongoliet\\\/\",\"url\":\"https:\\\/\\\/www.agma.com\\\/sv\\\/suld-tecknar-ramavtal-med-absolicon-om-forvarv-av-produktionslina-i-mongoliet\\\/\",\"name\":\"Suld tecknar ramavtal med Absolicon om f\u00f6rv\u00e4rv av produktionslina i Mongoliet - Absolicon\",\"isPartOf\":{\"@id\":\"https:\\\/\\\/www.agma.com\\\/sv\\\/#website\"},\"primaryImageOfPage\":{\"@id\":\"https:\\\/\\\/www.agma.com\\\/sv\\\/suld-tecknar-ramavtal-med-absolicon-om-forvarv-av-produktionslina-i-mongoliet\\\/#primaryimage\"},\"image\":{\"@id\":\"https:\\\/\\\/www.agma.com\\\/sv\\\/suld-tecknar-ramavtal-med-absolicon-om-forvarv-av-produktionslina-i-mongoliet\\\/#primaryimage\"},\"thumbnailUrl\":\"https:\\\/\\\/www.agma.com\\\/wp-content\\\/uploads\\\/2020\\\/06\\\/75525ef48afce145338f261160e7c9.jpg\",\"datePublished\":\"2020-04-16T00:00:00+00:00\",\"dateModified\":\"2020-07-21T06:05:58+00:00\",\"breadcrumb\":{\"@id\":\"https:\\\/\\\/www.agma.com\\\/sv\\\/suld-tecknar-ramavtal-med-absolicon-om-forvarv-av-produktionslina-i-mongoliet\\\/#breadcrumb\"},\"inLanguage\":\"sv-SE\",\"potentialAction\":[{\"@type\":\"ReadAction\",\"target\":[\"https:\\\/\\\/www.agma.com\\\/sv\\\/suld-tecknar-ramavtal-med-absolicon-om-forvarv-av-produktionslina-i-mongoliet\\\/\"]}]},{\"@type\":\"ImageObject\",\"inLanguage\":\"sv-SE\",\"@id\":\"https:\\\/\\\/www.agma.com\\\/sv\\\/suld-tecknar-ramavtal-med-absolicon-om-forvarv-av-produktionslina-i-mongoliet\\\/#primaryimage\",\"url\":\"https:\\\/\\\/www.agma.com\\\/wp-content\\\/uploads\\\/2020\\\/06\\\/75525ef48afce145338f261160e7c9.jpg\",\"contentUrl\":\"https:\\\/\\\/www.agma.com\\\/wp-content\\\/uploads\\\/2020\\\/06\\\/75525ef48afce145338f261160e7c9.jpg\",\"width\":720,\"height\":250},{\"@type\":\"BreadcrumbList\",\"@id\":\"https:\\\/\\\/www.agma.com\\\/sv\\\/suld-tecknar-ramavtal-med-absolicon-om-forvarv-av-produktionslina-i-mongoliet\\\/#breadcrumb\",\"itemListElement\":[{\"@type\":\"ListItem\",\"position\":1,\"name\":\"Home\",\"item\":\"https:\\\/\\\/www.agma.com\\\/sv\\\/\"},{\"@type\":\"ListItem\",\"position\":2,\"name\":\"Suld tecknar ramavtal med Absolicon om f\u00f6rv\u00e4rv av produktionslina i Mongoliet\"}]},{\"@type\":\"WebSite\",\"@id\":\"https:\\\/\\\/www.agma.com\\\/sv\\\/#website\",\"url\":\"https:\\\/\\\/www.agma.com\\\/sv\\\/\",\"name\":\"Absolicon\",\"description\":\"\",\"publisher\":{\"@id\":\"https:\\\/\\\/www.agma.com\\\/sv\\\/#organization\"},\"potentialAction\":[{\"@type\":\"SearchAction\",\"target\":{\"@type\":\"EntryPoint\",\"urlTemplate\":\"https:\\\/\\\/www.agma.com\\\/sv\\\/?s={search_term_string}\"},\"query-input\":{\"@type\":\"PropertyValueSpecification\",\"valueRequired\":true,\"valueName\":\"search_term_string\"}}],\"inLanguage\":\"sv-SE\"},{\"@type\":\"Organization\",\"@id\":\"https:\\\/\\\/www.agma.com\\\/sv\\\/#organization\",\"name\":\"Absolicon\",\"url\":\"https:\\\/\\\/www.agma.com\\\/sv\\\/\",\"logo\":{\"@type\":\"ImageObject\",\"inLanguage\":\"sv-SE\",\"@id\":\"https:\\\/\\\/www.agma.com\\\/sv\\\/#\\\/schema\\\/logo\\\/image\\\/\",\"url\":\"https:\\\/\\\/www.agma.com\\\/wp-content\\\/uploads\\\/2026\\\/04\\\/logotype_neg_blk.svg\",\"contentUrl\":\"https:\\\/\\\/www.agma.com\\\/wp-content\\\/uploads\\\/2026\\\/04\\\/logotype_neg_blk.svg\",\"width\":705,\"height\":83,\"caption\":\"Absolicon\"},\"image\":{\"@id\":\"https:\\\/\\\/www.agma.com\\\/sv\\\/#\\\/schema\\\/logo\\\/image\\\/\"}},{\"@type\":\"Person\",\"@id\":\"https:\\\/\\\/www.agma.com\\\/sv\\\/#\\\/schema\\\/person\\\/6820b3ce1cc37edbaecc979090760d8b\",\"name\":\"jakubschenk\",\"image\":{\"@type\":\"ImageObject\",\"inLanguage\":\"sv-SE\",\"@id\":\"https:\\\/\\\/secure.gravatar.com\\\/avatar\\\/0ab843002d4a58702560e02354e5f9a3206e13bbfaa9df5a188e463870f605cd?s=96&d=mm&r=g\",\"url\":\"https:\\\/\\\/secure.gravatar.com\\\/avatar\\\/0ab843002d4a58702560e02354e5f9a3206e13bbfaa9df5a188e463870f605cd?s=96&d=mm&r=g\",\"contentUrl\":\"https:\\\/\\\/secure.gravatar.com\\\/avatar\\\/0ab843002d4a58702560e02354e5f9a3206e13bbfaa9df5a188e463870f605cd?s=96&d=mm&r=g\",\"caption\":\"jakubschenk\"},\"sameAs\":[\"https:\\\/\\\/www.agma.com\"],\"url\":\"https:\\\/\\\/www.agma.com\\\/sv\\\/author\\\/jakubschenk\\\/\"}]}<\/script>\n<!-- \/ Yoast SEO plugin. -->","yoast_head_json":{"title":"Suld tecknar ramavtal med Absolicon om f\u00f6rv\u00e4rv av produktionslina i Mongoliet - Absolicon","robots":{"index":"index","follow":"follow","max-snippet":"max-snippet:-1","max-image-preview":"max-image-preview:large","max-video-preview":"max-video-preview:-1"},"canonical":"https:\/\/www.agma.com\/sv\/suld-tecknar-ramavtal-med-absolicon-om-forvarv-av-produktionslina-i-mongoliet\/","og_locale":"sv_SE","og_type":"article","og_title":"Suld tecknar ramavtal med Absolicon om f\u00f6rv\u00e4rv av produktionslina i Mongoliet - Absolicon","og_description":"[ingress]Suld United LCC (Suld) har tecknat ett ramavtal med Absolicon om f\u00f6rv\u00e4rv av en produktionslina f\u00f6r solf\u00e5ngaren T160 i Mongoliet. Suld \u00e4r moderbolag i en grupp av fyra f\u00f6retag som tillhandah\u00e5ller energitj\u00e4nster, service av tunga fordon och transporter. Det totala f\u00f6rs\u00e4ljningsv\u00e4rdet som omfattas av avtalet uppskattas till 40\u201350 miljoner kronor plus m\u00e5natlig licensavgift om 4% [&hellip;]","og_url":"https:\/\/www.agma.com\/sv\/suld-tecknar-ramavtal-med-absolicon-om-forvarv-av-produktionslina-i-mongoliet\/","og_site_name":"Absolicon","article_published_time":"2020-04-16T00:00:00+00:00","article_modified_time":"2020-07-21T06:05:58+00:00","og_image":[{"width":720,"height":250,"url":"https:\/\/www.agma.com\/wp-content\/uploads\/2020\/06\/75525ef48afce145338f261160e7c9.jpg","type":"image\/jpeg"}],"author":"jakubschenk","twitter_card":"summary_large_image","twitter_misc":{"Skriven av":"jakubschenk"},"schema":{"@context":"https:\/\/schema.org","@graph":[{"@type":"Article","@id":"https:\/\/www.agma.com\/sv\/suld-tecknar-ramavtal-med-absolicon-om-forvarv-av-produktionslina-i-mongoliet\/#article","isPartOf":{"@id":"https:\/\/www.agma.com\/sv\/suld-tecknar-ramavtal-med-absolicon-om-forvarv-av-produktionslina-i-mongoliet\/"},"author":{"name":"jakubschenk","@id":"https:\/\/www.agma.com\/sv\/#\/schema\/person\/6820b3ce1cc37edbaecc979090760d8b"},"headline":"Suld tecknar ramavtal med Absolicon om f\u00f6rv\u00e4rv av produktionslina i Mongoliet","datePublished":"2020-04-16T00:00:00+00:00","dateModified":"2020-07-21T06:05:58+00:00","mainEntityOfPage":{"@id":"https:\/\/www.agma.com\/sv\/suld-tecknar-ramavtal-med-absolicon-om-forvarv-av-produktionslina-i-mongoliet\/"},"wordCount":842,"commentCount":0,"publisher":{"@id":"https:\/\/www.agma.com\/sv\/#organization"},"image":{"@id":"https:\/\/www.agma.com\/sv\/suld-tecknar-ramavtal-med-absolicon-om-forvarv-av-produktionslina-i-mongoliet\/#primaryimage"},"thumbnailUrl":"https:\/\/www.agma.com\/wp-content\/uploads\/2020\/06\/75525ef48afce145338f261160e7c9.jpg","articleSection":["Okategoriserad"],"inLanguage":"sv-SE","potentialAction":[{"@type":"CommentAction","name":"Comment","target":["https:\/\/www.agma.com\/sv\/suld-tecknar-ramavtal-med-absolicon-om-forvarv-av-produktionslina-i-mongoliet\/#respond"]}]},{"@type":"WebPage","@id":"https:\/\/www.agma.com\/sv\/suld-tecknar-ramavtal-med-absolicon-om-forvarv-av-produktionslina-i-mongoliet\/","url":"https:\/\/www.agma.com\/sv\/suld-tecknar-ramavtal-med-absolicon-om-forvarv-av-produktionslina-i-mongoliet\/","name":"Suld tecknar ramavtal med Absolicon om f\u00f6rv\u00e4rv av produktionslina i Mongoliet - Absolicon","isPartOf":{"@id":"https:\/\/www.agma.com\/sv\/#website"},"primaryImageOfPage":{"@id":"https:\/\/www.agma.com\/sv\/suld-tecknar-ramavtal-med-absolicon-om-forvarv-av-produktionslina-i-mongoliet\/#primaryimage"},"image":{"@id":"https:\/\/www.agma.com\/sv\/suld-tecknar-ramavtal-med-absolicon-om-forvarv-av-produktionslina-i-mongoliet\/#primaryimage"},"thumbnailUrl":"https:\/\/www.agma.com\/wp-content\/uploads\/2020\/06\/75525ef48afce145338f261160e7c9.jpg","datePublished":"2020-04-16T00:00:00+00:00","dateModified":"2020-07-21T06:05:58+00:00","breadcrumb":{"@id":"https:\/\/www.agma.com\/sv\/suld-tecknar-ramavtal-med-absolicon-om-forvarv-av-produktionslina-i-mongoliet\/#breadcrumb"},"inLanguage":"sv-SE","potentialAction":[{"@type":"ReadAction","target":["https:\/\/www.agma.com\/sv\/suld-tecknar-ramavtal-med-absolicon-om-forvarv-av-produktionslina-i-mongoliet\/"]}]},{"@type":"ImageObject","inLanguage":"sv-SE","@id":"https:\/\/www.agma.com\/sv\/suld-tecknar-ramavtal-med-absolicon-om-forvarv-av-produktionslina-i-mongoliet\/#primaryimage","url":"https:\/\/www.agma.com\/wp-content\/uploads\/2020\/06\/75525ef48afce145338f261160e7c9.jpg","contentUrl":"https:\/\/www.agma.com\/wp-content\/uploads\/2020\/06\/75525ef48afce145338f261160e7c9.jpg","width":720,"height":250},{"@type":"BreadcrumbList","@id":"https:\/\/www.agma.com\/sv\/suld-tecknar-ramavtal-med-absolicon-om-forvarv-av-produktionslina-i-mongoliet\/#breadcrumb","itemListElement":[{"@type":"ListItem","position":1,"name":"Home","item":"https:\/\/www.agma.com\/sv\/"},{"@type":"ListItem","position":2,"name":"Suld tecknar ramavtal med Absolicon om f\u00f6rv\u00e4rv av produktionslina i Mongoliet"}]},{"@type":"WebSite","@id":"https:\/\/www.agma.com\/sv\/#website","url":"https:\/\/www.agma.com\/sv\/","name":"Absolicon","description":"","publisher":{"@id":"https:\/\/www.agma.com\/sv\/#organization"},"potentialAction":[{"@type":"SearchAction","target":{"@type":"EntryPoint","urlTemplate":"https:\/\/www.agma.com\/sv\/?s={search_term_string}"},"query-input":{"@type":"PropertyValueSpecification","valueRequired":true,"valueName":"search_term_string"}}],"inLanguage":"sv-SE"},{"@type":"Organization","@id":"https:\/\/www.agma.com\/sv\/#organization","name":"Absolicon","url":"https:\/\/www.agma.com\/sv\/","logo":{"@type":"ImageObject","inLanguage":"sv-SE","@id":"https:\/\/www.agma.com\/sv\/#\/schema\/logo\/image\/","url":"https:\/\/www.agma.com\/wp-content\/uploads\/2026\/04\/logotype_neg_blk.svg","contentUrl":"https:\/\/www.agma.com\/wp-content\/uploads\/2026\/04\/logotype_neg_blk.svg","width":705,"height":83,"caption":"Absolicon"},"image":{"@id":"https:\/\/www.agma.com\/sv\/#\/schema\/logo\/image\/"}},{"@type":"Person","@id":"https:\/\/www.agma.com\/sv\/#\/schema\/person\/6820b3ce1cc37edbaecc979090760d8b","name":"jakubschenk","image":{"@type":"ImageObject","inLanguage":"sv-SE","@id":"https:\/\/secure.gravatar.com\/avatar\/0ab843002d4a58702560e02354e5f9a3206e13bbfaa9df5a188e463870f605cd?s=96&d=mm&r=g","url":"https:\/\/secure.gravatar.com\/avatar\/0ab843002d4a58702560e02354e5f9a3206e13bbfaa9df5a188e463870f605cd?s=96&d=mm&r=g","contentUrl":"https:\/\/secure.gravatar.com\/avatar\/0ab843002d4a58702560e02354e5f9a3206e13bbfaa9df5a188e463870f605cd?s=96&d=mm&r=g","caption":"jakubschenk"},"sameAs":["https:\/\/www.agma.com"],"url":"https:\/\/www.agma.com\/sv\/author\/jakubschenk\/"}]}},"_links":{"self":[{"href":"https:\/\/www.agma.com\/sv\/wp-json\/wp\/v2\/posts\/9022","targetHints":{"allow":["GET"]}}],"collection":[{"href":"https:\/\/www.agma.com\/sv\/wp-json\/wp\/v2\/posts"}],"about":[{"href":"https:\/\/www.agma.com\/sv\/wp-json\/wp\/v2\/types\/post"}],"author":[{"embeddable":true,"href":"https:\/\/www.agma.com\/sv\/wp-json\/wp\/v2\/users\/1"}],"replies":[{"embeddable":true,"href":"https:\/\/www.agma.com\/sv\/wp-json\/wp\/v2\/comments?post=9022"}],"version-history":[{"count":1,"href":"https:\/\/www.agma.com\/sv\/wp-json\/wp\/v2\/posts\/9022\/revisions"}],"predecessor-version":[{"id":9090,"href":"https:\/\/www.agma.com\/sv\/wp-json\/wp\/v2\/posts\/9022\/revisions\/9090"}],"wp:featuredmedia":[{"embeddable":true,"href":"https:\/\/www.agma.com\/sv\/wp-json\/wp\/v2\/media\/9073"}],"wp:attachment":[{"href":"https:\/\/www.agma.com\/sv\/wp-json\/wp\/v2\/media?parent=9022"}],"wp:term":[{"taxonomy":"category","embeddable":true,"href":"https:\/\/www.agma.com\/sv\/wp-json\/wp\/v2\/categories?post=9022"},{"taxonomy":"post_tag","embeddable":true,"href":"https:\/\/www.agma.com\/sv\/wp-json\/wp\/v2\/tags?post=9022"}],"curies":[{"name":"wp","href":"https:\/\/api.w.org\/{rel}","templated":true}]}}