{"id":9023,"date":"2020-04-22T00:00:00","date_gmt":"2020-04-22T00:00:00","guid":{"rendered":"https:\/\/www.absolicon.com\/arsredovisning-2019-samt-forslag-till-bolagsstamman\/"},"modified":"2020-04-22T00:00:00","modified_gmt":"2020-04-22T00:00:00","slug":"arsredovisning-2019-samt-forslag-till-bolagsstamman","status":"publish","type":"post","link":"https:\/\/www.agma.com\/sv\/arsredovisning-2019-samt-forslag-till-bolagsstamman\/","title":{"rendered":"\u00c5rsredovisning 2019 samt f\u00f6rslag till bolagsst\u00e4mman"},"content":{"rendered":"<p>[ingress]Styrelsen och valberedningen presenterar f\u00f6rslag till beslut vid bolagsst\u00e4mma i Absolicon Solar Collector AB (publ) som h\u00e5lls onsdag 13 maj 2020 klockan 18:30 i Absolicons lokaler p\u00e5 Fiskaregatan 11, H\u00e4rn\u00f6verken, H\u00e4rn\u00f6sand.[\/ingress]<\/p>\n<p><a title=\"Kallelse till \u00e5rsst\u00e4mma 2020\" href=\"https:\/\/www.agma.comkallelse-till-arsstamma-2020\/\">Se kallelse och anm\u00e4l dig till st\u00e4mman &gt;&gt;<\/a><\/p>\n<h2>Perioden 2019-01-01 &#8211; 2019-12-31<\/h2>\n<p>Nettooms\u00e4ttningen uppgick till: 1 958 (26 599) KSEK<\/p>\n<p>R\u00f6relseresultatet (EBIT) uppgick till: -18 846 (-5 650) KSEK<\/p>\n<p>Resultatet per aktie uppgick till: -12,46 (-3,09) SEK<\/p>\n<p><a href=\"https:\/\/www.agma.comwp-content\/uploads\/2020\/04\/\u00c5rsredovisning-2019.pdf\">\u00c5rsredovisning 2019 &gt;&gt;<\/a><\/p>\n<h2><strong>Framl\u00e4ggande av f\u00f6rslag inf\u00f6r bolagsst\u00e4mman<\/strong><\/h2>\n<p>I kallelsen till bolagsst\u00e4mman den 13 maj 2020 l\u00e4mnades nedanst\u00e5ende f\u00f6rslag till beslut:<\/p>\n<p>\u2022 Styrelsen f\u00f6resl\u00e5r ingen utdelning utan f\u00f6rlusten balanseras i ny r\u00e4kning.<\/p>\n<p>\u2022 Styrelsen f\u00f6resl\u00e5r att f\u00f6rnya bemyndigande att genomf\u00f6ra nyemissioner.<\/p>\n<p>\u2022 Styrelsen f\u00f6resl\u00e5r att bolagsordningens aktiekapitalgr\u00e4nser \u00e4ndras till l\u00e4gst 1 500 000 kronor och h\u00f6gst 6 000 000 kronor<\/p>\n<p>\u2022 Styrelsen f\u00f6resl\u00e5r of\u00f6r\u00e4ndrade riktlinjer f\u00f6r ers\u00e4ttning till ledande befattningshavare<\/p>\n<p>\u2022 Valberedningen f\u00f6resl\u00e5r of\u00f6r\u00e4ndrade arvoden f\u00f6r styrelsearbete, 10 000 kr per fysiskt m\u00f6te.<\/p>\n<p>\u2022 Styrelsen f\u00f6resl\u00e5r att f\u00f6r revisorer skall ers\u00e4ttning utg\u00e5 enligt godk\u00e4nd r\u00e4kning.<\/p>\n<p>\u2022 Valberedningen f\u00f6resl\u00e5r att v\u00e4lja Malte Frisk, styrelseordf\u00f6rande (omval), Joakim Bystr\u00f6m, styrelseledamot (omval), S\u00f6ren Olsson, styrelseledamot (omval) och Peter Johansson, styrelseledamot (omval) och Olle Olsson (omval) f\u00f6r tiden intill n\u00e4sta \u00e5rsst\u00e4mma.<\/p>\n<p>\u2022 Valberedningen f\u00f6resl\u00e5r att p\u00e5 ett \u00e5r v\u00e4lja KPMG till revisionsbolag med Lars Skoglund som huvudansvarig revisor.<\/p>\n<p>\u2022 Styrelsen f\u00f6resl\u00e5r att anta f\u00f6rslaget till arbetsordning f\u00f6r valberedning vilket \u00e4r of\u00f6r\u00e4ndrat sedan f\u00f6reg\u00e5ende \u00e5r.<\/p>\n<p><a href=\"https:\/\/www.agma.comwp-content\/uploads\/2020\/04\/Handlingar-inf\u00f6r-bolagsst\u00e4mma-2020.pdf\">Handlingar inf\u00f6r bolagsst\u00e4mma 2020 &gt;&gt;<\/a><\/p>\n<p>&nbsp;<\/p>\n","protected":false},"excerpt":{"rendered":"<p>[ingress]Styrelsen och valberedningen presenterar f\u00f6rslag till beslut vid bolagsst\u00e4mma i Absolicon Solar Collector AB (publ) som h\u00e5lls onsdag 13 maj 2020 klockan 18:30 i Absolicons lokaler p\u00e5 Fiskaregatan 11, H\u00e4rn\u00f6verken, H\u00e4rn\u00f6sand.[\/ingress] Se kallelse och anm\u00e4l dig till st\u00e4mman &gt;&gt; Perioden 2019-01-01 &#8211; 2019-12-31 Nettooms\u00e4ttningen uppgick till: 1 958 (26 599) KSEK R\u00f6relseresultatet (EBIT) uppgick till: [&hellip;]<\/p>\n","protected":false},"author":1,"featured_media":0,"comment_status":"open","ping_status":"open","sticky":false,"template":"","format":"standard","meta":{"_acf_changed":false,"footnotes":""},"categories":[],"tags":[],"class_list":["post-9023","post","type-post","status-publish","format-standard","hentry"],"acf":[],"yoast_head":"<!-- This site is optimized with the Yoast SEO plugin v27.4 - https:\/\/yoast.com\/product\/yoast-seo-wordpress\/ -->\n<title>\u00c5rsredovisning 2019 samt f\u00f6rslag till bolagsst\u00e4mman - Absolicon<\/title>\n<meta name=\"robots\" content=\"index, follow, max-snippet:-1, max-image-preview:large, max-video-preview:-1\" \/>\n<link rel=\"canonical\" href=\"https:\/\/www.agma.com\/sv\/arsredovisning-2019-samt-forslag-till-bolagsstamman\/\" \/>\n<meta property=\"og:locale\" content=\"sv_SE\" \/>\n<meta property=\"og:type\" content=\"article\" \/>\n<meta property=\"og:title\" content=\"\u00c5rsredovisning 2019 samt f\u00f6rslag till bolagsst\u00e4mman - Absolicon\" \/>\n<meta property=\"og:description\" content=\"[ingress]Styrelsen och valberedningen presenterar f\u00f6rslag till beslut vid bolagsst\u00e4mma i Absolicon Solar Collector AB (publ) som h\u00e5lls onsdag 13 maj 2020 klockan 18:30 i Absolicons lokaler p\u00e5 Fiskaregatan 11, H\u00e4rn\u00f6verken, H\u00e4rn\u00f6sand.[\/ingress] Se kallelse och anm\u00e4l dig till st\u00e4mman &gt;&gt; Perioden 2019-01-01 &#8211; 2019-12-31 Nettooms\u00e4ttningen uppgick till: 1 958 (26 599) KSEK R\u00f6relseresultatet (EBIT) uppgick till: [&hellip;]\" \/>\n<meta property=\"og:url\" content=\"https:\/\/www.agma.com\/sv\/arsredovisning-2019-samt-forslag-till-bolagsstamman\/\" \/>\n<meta property=\"og:site_name\" content=\"Absolicon\" \/>\n<meta property=\"article:published_time\" content=\"2020-04-22T00:00:00+00:00\" \/>\n<meta name=\"author\" content=\"jakubschenk\" \/>\n<meta name=\"twitter:card\" content=\"summary_large_image\" \/>\n<meta name=\"twitter:label1\" content=\"Skriven av\" \/>\n\t<meta name=\"twitter:data1\" content=\"jakubschenk\" \/>\n<script type=\"application\/ld+json\" class=\"yoast-schema-graph\">{\"@context\":\"https:\\\/\\\/schema.org\",\"@graph\":[{\"@type\":\"Article\",\"@id\":\"https:\\\/\\\/www.agma.com\\\/sv\\\/arsredovisning-2019-samt-forslag-till-bolagsstamman\\\/#article\",\"isPartOf\":{\"@id\":\"https:\\\/\\\/www.agma.com\\\/sv\\\/arsredovisning-2019-samt-forslag-till-bolagsstamman\\\/\"},\"author\":{\"name\":\"jakubschenk\",\"@id\":\"https:\\\/\\\/www.agma.com\\\/sv\\\/#\\\/schema\\\/person\\\/6820b3ce1cc37edbaecc979090760d8b\"},\"headline\":\"\u00c5rsredovisning 2019 samt f\u00f6rslag till bolagsst\u00e4mman\",\"datePublished\":\"2020-04-22T00:00:00+00:00\",\"mainEntityOfPage\":{\"@id\":\"https:\\\/\\\/www.agma.com\\\/sv\\\/arsredovisning-2019-samt-forslag-till-bolagsstamman\\\/\"},\"wordCount\":288,\"commentCount\":0,\"publisher\":{\"@id\":\"https:\\\/\\\/www.agma.com\\\/sv\\\/#organization\"},\"inLanguage\":\"sv-SE\",\"potentialAction\":[{\"@type\":\"CommentAction\",\"name\":\"Comment\",\"target\":[\"https:\\\/\\\/www.agma.com\\\/sv\\\/arsredovisning-2019-samt-forslag-till-bolagsstamman\\\/#respond\"]}]},{\"@type\":\"WebPage\",\"@id\":\"https:\\\/\\\/www.agma.com\\\/sv\\\/arsredovisning-2019-samt-forslag-till-bolagsstamman\\\/\",\"url\":\"https:\\\/\\\/www.agma.com\\\/sv\\\/arsredovisning-2019-samt-forslag-till-bolagsstamman\\\/\",\"name\":\"\u00c5rsredovisning 2019 samt f\u00f6rslag till bolagsst\u00e4mman - Absolicon\",\"isPartOf\":{\"@id\":\"https:\\\/\\\/www.agma.com\\\/sv\\\/#website\"},\"datePublished\":\"2020-04-22T00:00:00+00:00\",\"breadcrumb\":{\"@id\":\"https:\\\/\\\/www.agma.com\\\/sv\\\/arsredovisning-2019-samt-forslag-till-bolagsstamman\\\/#breadcrumb\"},\"inLanguage\":\"sv-SE\",\"potentialAction\":[{\"@type\":\"ReadAction\",\"target\":[\"https:\\\/\\\/www.agma.com\\\/sv\\\/arsredovisning-2019-samt-forslag-till-bolagsstamman\\\/\"]}]},{\"@type\":\"BreadcrumbList\",\"@id\":\"https:\\\/\\\/www.agma.com\\\/sv\\\/arsredovisning-2019-samt-forslag-till-bolagsstamman\\\/#breadcrumb\",\"itemListElement\":[{\"@type\":\"ListItem\",\"position\":1,\"name\":\"Home\",\"item\":\"https:\\\/\\\/www.agma.com\\\/sv\\\/\"},{\"@type\":\"ListItem\",\"position\":2,\"name\":\"\u00c5rsredovisning 2019 samt f\u00f6rslag till bolagsst\u00e4mman\"}]},{\"@type\":\"WebSite\",\"@id\":\"https:\\\/\\\/www.agma.com\\\/sv\\\/#website\",\"url\":\"https:\\\/\\\/www.agma.com\\\/sv\\\/\",\"name\":\"Absolicon\",\"description\":\"\",\"publisher\":{\"@id\":\"https:\\\/\\\/www.agma.com\\\/sv\\\/#organization\"},\"potentialAction\":[{\"@type\":\"SearchAction\",\"target\":{\"@type\":\"EntryPoint\",\"urlTemplate\":\"https:\\\/\\\/www.agma.com\\\/sv\\\/?s={search_term_string}\"},\"query-input\":{\"@type\":\"PropertyValueSpecification\",\"valueRequired\":true,\"valueName\":\"search_term_string\"}}],\"inLanguage\":\"sv-SE\"},{\"@type\":\"Organization\",\"@id\":\"https:\\\/\\\/www.agma.com\\\/sv\\\/#organization\",\"name\":\"Absolicon\",\"url\":\"https:\\\/\\\/www.agma.com\\\/sv\\\/\",\"logo\":{\"@type\":\"ImageObject\",\"inLanguage\":\"sv-SE\",\"@id\":\"https:\\\/\\\/www.agma.com\\\/sv\\\/#\\\/schema\\\/logo\\\/image\\\/\",\"url\":\"https:\\\/\\\/www.agma.com\\\/wp-content\\\/uploads\\\/2026\\\/04\\\/logotype_neg_blk.svg\",\"contentUrl\":\"https:\\\/\\\/www.agma.com\\\/wp-content\\\/uploads\\\/2026\\\/04\\\/logotype_neg_blk.svg\",\"width\":705,\"height\":83,\"caption\":\"Absolicon\"},\"image\":{\"@id\":\"https:\\\/\\\/www.agma.com\\\/sv\\\/#\\\/schema\\\/logo\\\/image\\\/\"}},{\"@type\":\"Person\",\"@id\":\"https:\\\/\\\/www.agma.com\\\/sv\\\/#\\\/schema\\\/person\\\/6820b3ce1cc37edbaecc979090760d8b\",\"name\":\"jakubschenk\",\"image\":{\"@type\":\"ImageObject\",\"inLanguage\":\"sv-SE\",\"@id\":\"https:\\\/\\\/secure.gravatar.com\\\/avatar\\\/0ab843002d4a58702560e02354e5f9a3206e13bbfaa9df5a188e463870f605cd?s=96&d=mm&r=g\",\"url\":\"https:\\\/\\\/secure.gravatar.com\\\/avatar\\\/0ab843002d4a58702560e02354e5f9a3206e13bbfaa9df5a188e463870f605cd?s=96&d=mm&r=g\",\"contentUrl\":\"https:\\\/\\\/secure.gravatar.com\\\/avatar\\\/0ab843002d4a58702560e02354e5f9a3206e13bbfaa9df5a188e463870f605cd?s=96&d=mm&r=g\",\"caption\":\"jakubschenk\"},\"sameAs\":[\"https:\\\/\\\/www.agma.com\"],\"url\":\"https:\\\/\\\/www.agma.com\\\/sv\\\/author\\\/jakubschenk\\\/\"}]}<\/script>\n<!-- \/ Yoast SEO plugin. -->","yoast_head_json":{"title":"\u00c5rsredovisning 2019 samt f\u00f6rslag till bolagsst\u00e4mman - Absolicon","robots":{"index":"index","follow":"follow","max-snippet":"max-snippet:-1","max-image-preview":"max-image-preview:large","max-video-preview":"max-video-preview:-1"},"canonical":"https:\/\/www.agma.com\/sv\/arsredovisning-2019-samt-forslag-till-bolagsstamman\/","og_locale":"sv_SE","og_type":"article","og_title":"\u00c5rsredovisning 2019 samt f\u00f6rslag till bolagsst\u00e4mman - Absolicon","og_description":"[ingress]Styrelsen och valberedningen presenterar f\u00f6rslag till beslut vid bolagsst\u00e4mma i Absolicon Solar Collector AB (publ) som h\u00e5lls onsdag 13 maj 2020 klockan 18:30 i Absolicons lokaler p\u00e5 Fiskaregatan 11, H\u00e4rn\u00f6verken, H\u00e4rn\u00f6sand.[\/ingress] Se kallelse och anm\u00e4l dig till st\u00e4mman &gt;&gt; Perioden 2019-01-01 &#8211; 2019-12-31 Nettooms\u00e4ttningen uppgick till: 1 958 (26 599) KSEK R\u00f6relseresultatet (EBIT) uppgick till: [&hellip;]","og_url":"https:\/\/www.agma.com\/sv\/arsredovisning-2019-samt-forslag-till-bolagsstamman\/","og_site_name":"Absolicon","article_published_time":"2020-04-22T00:00:00+00:00","author":"jakubschenk","twitter_card":"summary_large_image","twitter_misc":{"Skriven av":"jakubschenk"},"schema":{"@context":"https:\/\/schema.org","@graph":[{"@type":"Article","@id":"https:\/\/www.agma.com\/sv\/arsredovisning-2019-samt-forslag-till-bolagsstamman\/#article","isPartOf":{"@id":"https:\/\/www.agma.com\/sv\/arsredovisning-2019-samt-forslag-till-bolagsstamman\/"},"author":{"name":"jakubschenk","@id":"https:\/\/www.agma.com\/sv\/#\/schema\/person\/6820b3ce1cc37edbaecc979090760d8b"},"headline":"\u00c5rsredovisning 2019 samt f\u00f6rslag till bolagsst\u00e4mman","datePublished":"2020-04-22T00:00:00+00:00","mainEntityOfPage":{"@id":"https:\/\/www.agma.com\/sv\/arsredovisning-2019-samt-forslag-till-bolagsstamman\/"},"wordCount":288,"commentCount":0,"publisher":{"@id":"https:\/\/www.agma.com\/sv\/#organization"},"inLanguage":"sv-SE","potentialAction":[{"@type":"CommentAction","name":"Comment","target":["https:\/\/www.agma.com\/sv\/arsredovisning-2019-samt-forslag-till-bolagsstamman\/#respond"]}]},{"@type":"WebPage","@id":"https:\/\/www.agma.com\/sv\/arsredovisning-2019-samt-forslag-till-bolagsstamman\/","url":"https:\/\/www.agma.com\/sv\/arsredovisning-2019-samt-forslag-till-bolagsstamman\/","name":"\u00c5rsredovisning 2019 samt f\u00f6rslag till bolagsst\u00e4mman - Absolicon","isPartOf":{"@id":"https:\/\/www.agma.com\/sv\/#website"},"datePublished":"2020-04-22T00:00:00+00:00","breadcrumb":{"@id":"https:\/\/www.agma.com\/sv\/arsredovisning-2019-samt-forslag-till-bolagsstamman\/#breadcrumb"},"inLanguage":"sv-SE","potentialAction":[{"@type":"ReadAction","target":["https:\/\/www.agma.com\/sv\/arsredovisning-2019-samt-forslag-till-bolagsstamman\/"]}]},{"@type":"BreadcrumbList","@id":"https:\/\/www.agma.com\/sv\/arsredovisning-2019-samt-forslag-till-bolagsstamman\/#breadcrumb","itemListElement":[{"@type":"ListItem","position":1,"name":"Home","item":"https:\/\/www.agma.com\/sv\/"},{"@type":"ListItem","position":2,"name":"\u00c5rsredovisning 2019 samt f\u00f6rslag till bolagsst\u00e4mman"}]},{"@type":"WebSite","@id":"https:\/\/www.agma.com\/sv\/#website","url":"https:\/\/www.agma.com\/sv\/","name":"Absolicon","description":"","publisher":{"@id":"https:\/\/www.agma.com\/sv\/#organization"},"potentialAction":[{"@type":"SearchAction","target":{"@type":"EntryPoint","urlTemplate":"https:\/\/www.agma.com\/sv\/?s={search_term_string}"},"query-input":{"@type":"PropertyValueSpecification","valueRequired":true,"valueName":"search_term_string"}}],"inLanguage":"sv-SE"},{"@type":"Organization","@id":"https:\/\/www.agma.com\/sv\/#organization","name":"Absolicon","url":"https:\/\/www.agma.com\/sv\/","logo":{"@type":"ImageObject","inLanguage":"sv-SE","@id":"https:\/\/www.agma.com\/sv\/#\/schema\/logo\/image\/","url":"https:\/\/www.agma.com\/wp-content\/uploads\/2026\/04\/logotype_neg_blk.svg","contentUrl":"https:\/\/www.agma.com\/wp-content\/uploads\/2026\/04\/logotype_neg_blk.svg","width":705,"height":83,"caption":"Absolicon"},"image":{"@id":"https:\/\/www.agma.com\/sv\/#\/schema\/logo\/image\/"}},{"@type":"Person","@id":"https:\/\/www.agma.com\/sv\/#\/schema\/person\/6820b3ce1cc37edbaecc979090760d8b","name":"jakubschenk","image":{"@type":"ImageObject","inLanguage":"sv-SE","@id":"https:\/\/secure.gravatar.com\/avatar\/0ab843002d4a58702560e02354e5f9a3206e13bbfaa9df5a188e463870f605cd?s=96&d=mm&r=g","url":"https:\/\/secure.gravatar.com\/avatar\/0ab843002d4a58702560e02354e5f9a3206e13bbfaa9df5a188e463870f605cd?s=96&d=mm&r=g","contentUrl":"https:\/\/secure.gravatar.com\/avatar\/0ab843002d4a58702560e02354e5f9a3206e13bbfaa9df5a188e463870f605cd?s=96&d=mm&r=g","caption":"jakubschenk"},"sameAs":["https:\/\/www.agma.com"],"url":"https:\/\/www.agma.com\/sv\/author\/jakubschenk\/"}]}},"_links":{"self":[{"href":"https:\/\/www.agma.com\/sv\/wp-json\/wp\/v2\/posts\/9023","targetHints":{"allow":["GET"]}}],"collection":[{"href":"https:\/\/www.agma.com\/sv\/wp-json\/wp\/v2\/posts"}],"about":[{"href":"https:\/\/www.agma.com\/sv\/wp-json\/wp\/v2\/types\/post"}],"author":[{"embeddable":true,"href":"https:\/\/www.agma.com\/sv\/wp-json\/wp\/v2\/users\/1"}],"replies":[{"embeddable":true,"href":"https:\/\/www.agma.com\/sv\/wp-json\/wp\/v2\/comments?post=9023"}],"version-history":[{"count":0,"href":"https:\/\/www.agma.com\/sv\/wp-json\/wp\/v2\/posts\/9023\/revisions"}],"wp:attachment":[{"href":"https:\/\/www.agma.com\/sv\/wp-json\/wp\/v2\/media?parent=9023"}],"wp:term":[{"taxonomy":"category","embeddable":true,"href":"https:\/\/www.agma.com\/sv\/wp-json\/wp\/v2\/categories?post=9023"},{"taxonomy":"post_tag","embeddable":true,"href":"https:\/\/www.agma.com\/sv\/wp-json\/wp\/v2\/tags?post=9023"}],"curies":[{"name":"wp","href":"https:\/\/api.w.org\/{rel}","templated":true}]}}