{"id":9026,"date":"2020-05-03T00:00:00","date_gmt":"2020-05-03T00:00:00","guid":{"rendered":"https:\/\/www.absolicon.com\/folj-utveckingen-for-solvarme-i-fjarrvarmen\/"},"modified":"2020-07-21T06:03:47","modified_gmt":"2020-07-21T06:03:47","slug":"folj-utveckingen-for-solvarme-i-fjarrvarmen","status":"publish","type":"post","link":"https:\/\/www.agma.com\/sv\/folj-utveckingen-for-solvarme-i-fjarrvarmen\/","title":{"rendered":"F\u00f6lj utveckingen f\u00f6r solv\u00e4rme i fj\u00e4rrv\u00e4rmen"},"content":{"rendered":"<p>[ingress]Absolicon deltar som en av talarna under en digital konferens med seminarier&nbsp;om det aktuella l\u00e4get f\u00f6r solv\u00e4rme b\u00e5de nationellt och internationellt.&nbsp;[\/ingress]<\/p>\n<p>Under dagen diskuteras bland annat alternativen kring solv\u00e4rme i uppv\u00e4rmningen av bost\u00e4der via exempelvis fj\u00e4rrv\u00e4rmen.<\/p>\n<p>Dagen arrangeras online p\u00e5 grund av r\u00e5dande Corona-situation och deltagande \u00e4r gratis men anm\u00e4lan kr\u00e4vs. Arrang\u00f6rer \u00e4r&nbsp;Energikompetenscentrum (EKC) vid H\u00f6gskolan Dalarna tillsammans med Svensk Solenergi och Byggdialog Dalarna.<\/p>\n<p><strong>Tisdag den 12 maj 2020 kl 10:00 \u2013 15:30<\/strong><\/p>\n<p>S\u00e4nds tisdag den 12 maj 2020 kl 10:00 \u2013 15:30 fr\u00e5n H\u00f6gskolan Dalarna i Borl\u00e4nge. Vi skickar agenda med h\u00e5lltider och l\u00e4nk till dig som anm\u00e4ler dig.<\/p>\n<p>Workshopen \u00e4r kostnadsfri och online. Anm\u00e4la kr\u00e4vs: Lotta Lind\u00e9n, lli@du.se<\/p>\n<p>Mer information: Hans Ersson, her@du.se, tel 070 1899917<\/p>\n<p><span style=\"text-decoration: underline;\">Program<\/span><\/p>\n<ul>\n<li>&nbsp;&#8211; Introduktion av dagen Anna Werner, VD Svensk Solenergi<\/li>\n<li>&nbsp;&#8211; Introduktion: Solv\u00e4rme i Sverige och EuropaJ-O Dalenb\u00e4ck, Professor Chalmers, Svensk solenergi<\/li>\n<li>&nbsp;&#8211; Solv\u00e4rme i n\u00e4r- och fj\u00e4rrv\u00e4rmesystem J-O Dalenb\u00e4ck, Professor Chalmers, Svensk solenergi<\/li>\n<li>&#8211; Industriell solv\u00e4rme och solv\u00e4rme f\u00f6r fj\u00e4rrv\u00e4rme Joakim Bystr\u00f6m, CEO Absolicon<\/li>\n<li>&#8211; 100% solv\u00e4rme i en villa? Klaus Lorenz, H\u00f6gskolan Dalarna<\/li>\n<li>&#8211; Potential f\u00f6r solv\u00e4rme i mindre st\u00e4der i Europa Daniel Trier, PlanEnergi Danmark<\/li>\n<li>&#8211; Framg\u00e5ngsrik solv\u00e4rme hos EKSTA Bostads AB Christer Kilersj\u00f6, VD EKSTA Bostads AB<\/li>\n<li>&#8211; F\u00e4rdplan &#8211; Fossilfri konkurrenskraft i uppv\u00e4rmningsbranschen, Chris Bales H\u00f6gskolan Dal.<\/li>\n<li>&#8211; Kunskapsl\u00e4get f\u00f6r villasolv\u00e4rme, H\u00f6gskolan Dalarna<\/li>\n<li>&#8211; Solv\u00e4rme hos Brf Promenaden i Falun<\/li>\n<\/ul>\n<p>&nbsp;<\/p>\n<p>&nbsp;<\/p>\n","protected":false},"excerpt":{"rendered":"<p>[ingress]Absolicon deltar som en av talarna under en digital konferens med seminarier&nbsp;om det aktuella l\u00e4get f\u00f6r solv\u00e4rme b\u00e5de nationellt och internationellt.&nbsp;[\/ingress] Under dagen diskuteras bland annat alternativen kring solv\u00e4rme i uppv\u00e4rmningen av bost\u00e4der via exempelvis fj\u00e4rrv\u00e4rmen. Dagen arrangeras online p\u00e5 grund av r\u00e5dande Corona-situation och deltagande \u00e4r gratis men anm\u00e4lan kr\u00e4vs. Arrang\u00f6rer \u00e4r&nbsp;Energikompetenscentrum (EKC) vid [&hellip;]<\/p>\n","protected":false},"author":1,"featured_media":7657,"comment_status":"open","ping_status":"open","sticky":false,"template":"","format":"standard","meta":{"_acf_changed":false,"footnotes":""},"categories":[2],"tags":[],"class_list":["post-9026","post","type-post","status-publish","format-standard","has-post-thumbnail","hentry","category-okategoriserad"],"acf":[],"yoast_head":"<!-- This site is optimized with the Yoast SEO plugin v27.4 - https:\/\/yoast.com\/product\/yoast-seo-wordpress\/ -->\n<title>F\u00f6lj utveckingen f\u00f6r solv\u00e4rme i fj\u00e4rrv\u00e4rmen - Absolicon<\/title>\n<meta name=\"robots\" content=\"index, follow, max-snippet:-1, max-image-preview:large, max-video-preview:-1\" \/>\n<link rel=\"canonical\" href=\"https:\/\/www.agma.com\/sv\/folj-utveckingen-for-solvarme-i-fjarrvarmen\/\" \/>\n<meta property=\"og:locale\" content=\"sv_SE\" \/>\n<meta property=\"og:type\" content=\"article\" \/>\n<meta property=\"og:title\" content=\"F\u00f6lj utveckingen f\u00f6r solv\u00e4rme i fj\u00e4rrv\u00e4rmen - Absolicon\" \/>\n<meta property=\"og:description\" content=\"[ingress]Absolicon deltar som en av talarna under en digital konferens med seminarier&nbsp;om det aktuella l\u00e4get f\u00f6r solv\u00e4rme b\u00e5de nationellt och internationellt.&nbsp;[\/ingress] Under dagen diskuteras bland annat alternativen kring solv\u00e4rme i uppv\u00e4rmningen av bost\u00e4der via exempelvis fj\u00e4rrv\u00e4rmen. Dagen arrangeras online p\u00e5 grund av r\u00e5dande Corona-situation och deltagande \u00e4r gratis men anm\u00e4lan kr\u00e4vs. Arrang\u00f6rer \u00e4r&nbsp;Energikompetenscentrum (EKC) vid [&hellip;]\" \/>\n<meta property=\"og:url\" content=\"https:\/\/www.agma.com\/sv\/folj-utveckingen-for-solvarme-i-fjarrvarmen\/\" \/>\n<meta property=\"og:site_name\" content=\"Absolicon\" \/>\n<meta property=\"article:published_time\" content=\"2020-05-03T00:00:00+00:00\" \/>\n<meta property=\"article:modified_time\" content=\"2020-07-21T06:03:47+00:00\" \/>\n<meta property=\"og:image\" content=\"https:\/\/www.agma.com\/wp-content\/uploads\/2020\/04\/nature-4937972_1920.jpg\" \/>\n\t<meta property=\"og:image:width\" content=\"1920\" \/>\n\t<meta property=\"og:image:height\" content=\"1280\" \/>\n\t<meta property=\"og:image:type\" content=\"image\/jpeg\" \/>\n<meta name=\"author\" content=\"jakubschenk\" \/>\n<meta name=\"twitter:card\" content=\"summary_large_image\" \/>\n<meta name=\"twitter:label1\" content=\"Skriven av\" \/>\n\t<meta name=\"twitter:data1\" content=\"jakubschenk\" \/>\n<script type=\"application\/ld+json\" class=\"yoast-schema-graph\">{\"@context\":\"https:\\\/\\\/schema.org\",\"@graph\":[{\"@type\":\"Article\",\"@id\":\"https:\\\/\\\/www.agma.com\\\/sv\\\/folj-utveckingen-for-solvarme-i-fjarrvarmen\\\/#article\",\"isPartOf\":{\"@id\":\"https:\\\/\\\/www.agma.com\\\/sv\\\/folj-utveckingen-for-solvarme-i-fjarrvarmen\\\/\"},\"author\":{\"name\":\"jakubschenk\",\"@id\":\"https:\\\/\\\/www.agma.com\\\/sv\\\/#\\\/schema\\\/person\\\/6820b3ce1cc37edbaecc979090760d8b\"},\"headline\":\"F\u00f6lj utveckingen f\u00f6r solv\u00e4rme i fj\u00e4rrv\u00e4rmen\",\"datePublished\":\"2020-05-03T00:00:00+00:00\",\"dateModified\":\"2020-07-21T06:03:47+00:00\",\"mainEntityOfPage\":{\"@id\":\"https:\\\/\\\/www.agma.com\\\/sv\\\/folj-utveckingen-for-solvarme-i-fjarrvarmen\\\/\"},\"wordCount\":289,\"commentCount\":0,\"publisher\":{\"@id\":\"https:\\\/\\\/www.agma.com\\\/sv\\\/#organization\"},\"image\":{\"@id\":\"https:\\\/\\\/www.agma.com\\\/sv\\\/folj-utveckingen-for-solvarme-i-fjarrvarmen\\\/#primaryimage\"},\"thumbnailUrl\":\"https:\\\/\\\/www.agma.com\\\/wp-content\\\/uploads\\\/2020\\\/04\\\/nature-4937972_1920.jpg\",\"articleSection\":[\"Okategoriserad\"],\"inLanguage\":\"sv-SE\",\"potentialAction\":[{\"@type\":\"CommentAction\",\"name\":\"Comment\",\"target\":[\"https:\\\/\\\/www.agma.com\\\/sv\\\/folj-utveckingen-for-solvarme-i-fjarrvarmen\\\/#respond\"]}]},{\"@type\":\"WebPage\",\"@id\":\"https:\\\/\\\/www.agma.com\\\/sv\\\/folj-utveckingen-for-solvarme-i-fjarrvarmen\\\/\",\"url\":\"https:\\\/\\\/www.agma.com\\\/sv\\\/folj-utveckingen-for-solvarme-i-fjarrvarmen\\\/\",\"name\":\"F\u00f6lj utveckingen f\u00f6r solv\u00e4rme i fj\u00e4rrv\u00e4rmen - Absolicon\",\"isPartOf\":{\"@id\":\"https:\\\/\\\/www.agma.com\\\/sv\\\/#website\"},\"primaryImageOfPage\":{\"@id\":\"https:\\\/\\\/www.agma.com\\\/sv\\\/folj-utveckingen-for-solvarme-i-fjarrvarmen\\\/#primaryimage\"},\"image\":{\"@id\":\"https:\\\/\\\/www.agma.com\\\/sv\\\/folj-utveckingen-for-solvarme-i-fjarrvarmen\\\/#primaryimage\"},\"thumbnailUrl\":\"https:\\\/\\\/www.agma.com\\\/wp-content\\\/uploads\\\/2020\\\/04\\\/nature-4937972_1920.jpg\",\"datePublished\":\"2020-05-03T00:00:00+00:00\",\"dateModified\":\"2020-07-21T06:03:47+00:00\",\"breadcrumb\":{\"@id\":\"https:\\\/\\\/www.agma.com\\\/sv\\\/folj-utveckingen-for-solvarme-i-fjarrvarmen\\\/#breadcrumb\"},\"inLanguage\":\"sv-SE\",\"potentialAction\":[{\"@type\":\"ReadAction\",\"target\":[\"https:\\\/\\\/www.agma.com\\\/sv\\\/folj-utveckingen-for-solvarme-i-fjarrvarmen\\\/\"]}]},{\"@type\":\"ImageObject\",\"inLanguage\":\"sv-SE\",\"@id\":\"https:\\\/\\\/www.agma.com\\\/sv\\\/folj-utveckingen-for-solvarme-i-fjarrvarmen\\\/#primaryimage\",\"url\":\"https:\\\/\\\/www.agma.com\\\/wp-content\\\/uploads\\\/2020\\\/04\\\/nature-4937972_1920.jpg\",\"contentUrl\":\"https:\\\/\\\/www.agma.com\\\/wp-content\\\/uploads\\\/2020\\\/04\\\/nature-4937972_1920.jpg\",\"width\":1920,\"height\":1280,\"caption\":\"Solar energy\"},{\"@type\":\"BreadcrumbList\",\"@id\":\"https:\\\/\\\/www.agma.com\\\/sv\\\/folj-utveckingen-for-solvarme-i-fjarrvarmen\\\/#breadcrumb\",\"itemListElement\":[{\"@type\":\"ListItem\",\"position\":1,\"name\":\"Home\",\"item\":\"https:\\\/\\\/www.agma.com\\\/sv\\\/\"},{\"@type\":\"ListItem\",\"position\":2,\"name\":\"F\u00f6lj utveckingen f\u00f6r solv\u00e4rme i fj\u00e4rrv\u00e4rmen\"}]},{\"@type\":\"WebSite\",\"@id\":\"https:\\\/\\\/www.agma.com\\\/sv\\\/#website\",\"url\":\"https:\\\/\\\/www.agma.com\\\/sv\\\/\",\"name\":\"Absolicon\",\"description\":\"\",\"publisher\":{\"@id\":\"https:\\\/\\\/www.agma.com\\\/sv\\\/#organization\"},\"potentialAction\":[{\"@type\":\"SearchAction\",\"target\":{\"@type\":\"EntryPoint\",\"urlTemplate\":\"https:\\\/\\\/www.agma.com\\\/sv\\\/?s={search_term_string}\"},\"query-input\":{\"@type\":\"PropertyValueSpecification\",\"valueRequired\":true,\"valueName\":\"search_term_string\"}}],\"inLanguage\":\"sv-SE\"},{\"@type\":\"Organization\",\"@id\":\"https:\\\/\\\/www.agma.com\\\/sv\\\/#organization\",\"name\":\"Absolicon\",\"url\":\"https:\\\/\\\/www.agma.com\\\/sv\\\/\",\"logo\":{\"@type\":\"ImageObject\",\"inLanguage\":\"sv-SE\",\"@id\":\"https:\\\/\\\/www.agma.com\\\/sv\\\/#\\\/schema\\\/logo\\\/image\\\/\",\"url\":\"https:\\\/\\\/www.agma.com\\\/wp-content\\\/uploads\\\/2026\\\/04\\\/logotype_neg_blk.svg\",\"contentUrl\":\"https:\\\/\\\/www.agma.com\\\/wp-content\\\/uploads\\\/2026\\\/04\\\/logotype_neg_blk.svg\",\"width\":705,\"height\":83,\"caption\":\"Absolicon\"},\"image\":{\"@id\":\"https:\\\/\\\/www.agma.com\\\/sv\\\/#\\\/schema\\\/logo\\\/image\\\/\"}},{\"@type\":\"Person\",\"@id\":\"https:\\\/\\\/www.agma.com\\\/sv\\\/#\\\/schema\\\/person\\\/6820b3ce1cc37edbaecc979090760d8b\",\"name\":\"jakubschenk\",\"image\":{\"@type\":\"ImageObject\",\"inLanguage\":\"sv-SE\",\"@id\":\"https:\\\/\\\/secure.gravatar.com\\\/avatar\\\/0ab843002d4a58702560e02354e5f9a3206e13bbfaa9df5a188e463870f605cd?s=96&d=mm&r=g\",\"url\":\"https:\\\/\\\/secure.gravatar.com\\\/avatar\\\/0ab843002d4a58702560e02354e5f9a3206e13bbfaa9df5a188e463870f605cd?s=96&d=mm&r=g\",\"contentUrl\":\"https:\\\/\\\/secure.gravatar.com\\\/avatar\\\/0ab843002d4a58702560e02354e5f9a3206e13bbfaa9df5a188e463870f605cd?s=96&d=mm&r=g\",\"caption\":\"jakubschenk\"},\"sameAs\":[\"https:\\\/\\\/www.agma.com\"],\"url\":\"https:\\\/\\\/www.agma.com\\\/sv\\\/author\\\/jakubschenk\\\/\"}]}<\/script>\n<!-- \/ Yoast SEO plugin. -->","yoast_head_json":{"title":"F\u00f6lj utveckingen f\u00f6r solv\u00e4rme i fj\u00e4rrv\u00e4rmen - Absolicon","robots":{"index":"index","follow":"follow","max-snippet":"max-snippet:-1","max-image-preview":"max-image-preview:large","max-video-preview":"max-video-preview:-1"},"canonical":"https:\/\/www.agma.com\/sv\/folj-utveckingen-for-solvarme-i-fjarrvarmen\/","og_locale":"sv_SE","og_type":"article","og_title":"F\u00f6lj utveckingen f\u00f6r solv\u00e4rme i fj\u00e4rrv\u00e4rmen - Absolicon","og_description":"[ingress]Absolicon deltar som en av talarna under en digital konferens med seminarier&nbsp;om det aktuella l\u00e4get f\u00f6r solv\u00e4rme b\u00e5de nationellt och internationellt.&nbsp;[\/ingress] Under dagen diskuteras bland annat alternativen kring solv\u00e4rme i uppv\u00e4rmningen av bost\u00e4der via exempelvis fj\u00e4rrv\u00e4rmen. Dagen arrangeras online p\u00e5 grund av r\u00e5dande Corona-situation och deltagande \u00e4r gratis men anm\u00e4lan kr\u00e4vs. Arrang\u00f6rer \u00e4r&nbsp;Energikompetenscentrum (EKC) vid [&hellip;]","og_url":"https:\/\/www.agma.com\/sv\/folj-utveckingen-for-solvarme-i-fjarrvarmen\/","og_site_name":"Absolicon","article_published_time":"2020-05-03T00:00:00+00:00","article_modified_time":"2020-07-21T06:03:47+00:00","og_image":[{"width":1920,"height":1280,"url":"https:\/\/www.agma.com\/wp-content\/uploads\/2020\/04\/nature-4937972_1920.jpg","type":"image\/jpeg"}],"author":"jakubschenk","twitter_card":"summary_large_image","twitter_misc":{"Skriven av":"jakubschenk"},"schema":{"@context":"https:\/\/schema.org","@graph":[{"@type":"Article","@id":"https:\/\/www.agma.com\/sv\/folj-utveckingen-for-solvarme-i-fjarrvarmen\/#article","isPartOf":{"@id":"https:\/\/www.agma.com\/sv\/folj-utveckingen-for-solvarme-i-fjarrvarmen\/"},"author":{"name":"jakubschenk","@id":"https:\/\/www.agma.com\/sv\/#\/schema\/person\/6820b3ce1cc37edbaecc979090760d8b"},"headline":"F\u00f6lj utveckingen f\u00f6r solv\u00e4rme i fj\u00e4rrv\u00e4rmen","datePublished":"2020-05-03T00:00:00+00:00","dateModified":"2020-07-21T06:03:47+00:00","mainEntityOfPage":{"@id":"https:\/\/www.agma.com\/sv\/folj-utveckingen-for-solvarme-i-fjarrvarmen\/"},"wordCount":289,"commentCount":0,"publisher":{"@id":"https:\/\/www.agma.com\/sv\/#organization"},"image":{"@id":"https:\/\/www.agma.com\/sv\/folj-utveckingen-for-solvarme-i-fjarrvarmen\/#primaryimage"},"thumbnailUrl":"https:\/\/www.agma.com\/wp-content\/uploads\/2020\/04\/nature-4937972_1920.jpg","articleSection":["Okategoriserad"],"inLanguage":"sv-SE","potentialAction":[{"@type":"CommentAction","name":"Comment","target":["https:\/\/www.agma.com\/sv\/folj-utveckingen-for-solvarme-i-fjarrvarmen\/#respond"]}]},{"@type":"WebPage","@id":"https:\/\/www.agma.com\/sv\/folj-utveckingen-for-solvarme-i-fjarrvarmen\/","url":"https:\/\/www.agma.com\/sv\/folj-utveckingen-for-solvarme-i-fjarrvarmen\/","name":"F\u00f6lj utveckingen f\u00f6r solv\u00e4rme i fj\u00e4rrv\u00e4rmen - Absolicon","isPartOf":{"@id":"https:\/\/www.agma.com\/sv\/#website"},"primaryImageOfPage":{"@id":"https:\/\/www.agma.com\/sv\/folj-utveckingen-for-solvarme-i-fjarrvarmen\/#primaryimage"},"image":{"@id":"https:\/\/www.agma.com\/sv\/folj-utveckingen-for-solvarme-i-fjarrvarmen\/#primaryimage"},"thumbnailUrl":"https:\/\/www.agma.com\/wp-content\/uploads\/2020\/04\/nature-4937972_1920.jpg","datePublished":"2020-05-03T00:00:00+00:00","dateModified":"2020-07-21T06:03:47+00:00","breadcrumb":{"@id":"https:\/\/www.agma.com\/sv\/folj-utveckingen-for-solvarme-i-fjarrvarmen\/#breadcrumb"},"inLanguage":"sv-SE","potentialAction":[{"@type":"ReadAction","target":["https:\/\/www.agma.com\/sv\/folj-utveckingen-for-solvarme-i-fjarrvarmen\/"]}]},{"@type":"ImageObject","inLanguage":"sv-SE","@id":"https:\/\/www.agma.com\/sv\/folj-utveckingen-for-solvarme-i-fjarrvarmen\/#primaryimage","url":"https:\/\/www.agma.com\/wp-content\/uploads\/2020\/04\/nature-4937972_1920.jpg","contentUrl":"https:\/\/www.agma.com\/wp-content\/uploads\/2020\/04\/nature-4937972_1920.jpg","width":1920,"height":1280,"caption":"Solar energy"},{"@type":"BreadcrumbList","@id":"https:\/\/www.agma.com\/sv\/folj-utveckingen-for-solvarme-i-fjarrvarmen\/#breadcrumb","itemListElement":[{"@type":"ListItem","position":1,"name":"Home","item":"https:\/\/www.agma.com\/sv\/"},{"@type":"ListItem","position":2,"name":"F\u00f6lj utveckingen f\u00f6r solv\u00e4rme i fj\u00e4rrv\u00e4rmen"}]},{"@type":"WebSite","@id":"https:\/\/www.agma.com\/sv\/#website","url":"https:\/\/www.agma.com\/sv\/","name":"Absolicon","description":"","publisher":{"@id":"https:\/\/www.agma.com\/sv\/#organization"},"potentialAction":[{"@type":"SearchAction","target":{"@type":"EntryPoint","urlTemplate":"https:\/\/www.agma.com\/sv\/?s={search_term_string}"},"query-input":{"@type":"PropertyValueSpecification","valueRequired":true,"valueName":"search_term_string"}}],"inLanguage":"sv-SE"},{"@type":"Organization","@id":"https:\/\/www.agma.com\/sv\/#organization","name":"Absolicon","url":"https:\/\/www.agma.com\/sv\/","logo":{"@type":"ImageObject","inLanguage":"sv-SE","@id":"https:\/\/www.agma.com\/sv\/#\/schema\/logo\/image\/","url":"https:\/\/www.agma.com\/wp-content\/uploads\/2026\/04\/logotype_neg_blk.svg","contentUrl":"https:\/\/www.agma.com\/wp-content\/uploads\/2026\/04\/logotype_neg_blk.svg","width":705,"height":83,"caption":"Absolicon"},"image":{"@id":"https:\/\/www.agma.com\/sv\/#\/schema\/logo\/image\/"}},{"@type":"Person","@id":"https:\/\/www.agma.com\/sv\/#\/schema\/person\/6820b3ce1cc37edbaecc979090760d8b","name":"jakubschenk","image":{"@type":"ImageObject","inLanguage":"sv-SE","@id":"https:\/\/secure.gravatar.com\/avatar\/0ab843002d4a58702560e02354e5f9a3206e13bbfaa9df5a188e463870f605cd?s=96&d=mm&r=g","url":"https:\/\/secure.gravatar.com\/avatar\/0ab843002d4a58702560e02354e5f9a3206e13bbfaa9df5a188e463870f605cd?s=96&d=mm&r=g","contentUrl":"https:\/\/secure.gravatar.com\/avatar\/0ab843002d4a58702560e02354e5f9a3206e13bbfaa9df5a188e463870f605cd?s=96&d=mm&r=g","caption":"jakubschenk"},"sameAs":["https:\/\/www.agma.com"],"url":"https:\/\/www.agma.com\/sv\/author\/jakubschenk\/"}]}},"_links":{"self":[{"href":"https:\/\/www.agma.com\/sv\/wp-json\/wp\/v2\/posts\/9026","targetHints":{"allow":["GET"]}}],"collection":[{"href":"https:\/\/www.agma.com\/sv\/wp-json\/wp\/v2\/posts"}],"about":[{"href":"https:\/\/www.agma.com\/sv\/wp-json\/wp\/v2\/types\/post"}],"author":[{"embeddable":true,"href":"https:\/\/www.agma.com\/sv\/wp-json\/wp\/v2\/users\/1"}],"replies":[{"embeddable":true,"href":"https:\/\/www.agma.com\/sv\/wp-json\/wp\/v2\/comments?post=9026"}],"version-history":[{"count":1,"href":"https:\/\/www.agma.com\/sv\/wp-json\/wp\/v2\/posts\/9026\/revisions"}],"predecessor-version":[{"id":9089,"href":"https:\/\/www.agma.com\/sv\/wp-json\/wp\/v2\/posts\/9026\/revisions\/9089"}],"wp:featuredmedia":[{"embeddable":true,"href":"https:\/\/www.agma.com\/sv\/wp-json\/wp\/v2\/media\/7657"}],"wp:attachment":[{"href":"https:\/\/www.agma.com\/sv\/wp-json\/wp\/v2\/media?parent=9026"}],"wp:term":[{"taxonomy":"category","embeddable":true,"href":"https:\/\/www.agma.com\/sv\/wp-json\/wp\/v2\/categories?post=9026"},{"taxonomy":"post_tag","embeddable":true,"href":"https:\/\/www.agma.com\/sv\/wp-json\/wp\/v2\/tags?post=9026"}],"curies":[{"name":"wp","href":"https:\/\/api.w.org\/{rel}","templated":true}]}}