{"id":9029,"date":"2020-05-26T00:00:00","date_gmt":"2020-05-26T00:00:00","guid":{"rendered":"https:\/\/www.absolicon.com\/absolicon-soker-teknisk-avdelningschef\/"},"modified":"2020-07-21T05:58:27","modified_gmt":"2020-07-21T05:58:27","slug":"absolicon-soker-teknisk-avdelningschef","status":"publish","type":"post","link":"https:\/\/www.agma.com\/sv\/absolicon-soker-teknisk-avdelningschef\/","title":{"rendered":"Absolicon s\u00f6ker Teknisk avdelningschef"},"content":{"rendered":"<p>[ingress]Absolicon s\u00f6ker nu Teknisk avdelningschef till huvudkontoret i H\u00e4rn\u00f6sand. Som chef f\u00f6r v\u00e5r avdelning inom teknik, projekt och ink\u00f6p ansvarar du f\u00f6r att leda ett team av ingenj\u00f6rer som jobbar med hela kedjan fr\u00e5n ink\u00f6p till forskning och utveckling av tekniska produkter och tillverkningsprocesser.[\/ingress]<\/p>\n<p>\u00c4r du en erfaren chef som brinner f\u00f6r teknisk utveckling och innovativa l\u00f6sningar? Vill du arbeta med f\u00f6rnyelsebar energi i ett snabbt v\u00e4xande f\u00f6retag vars produkter finns etablerade p\u00e5 den internationella marknaden? D\u00e5 ska du s\u00f6ka tj\u00e4nsten som teknisk avdelningschef hos Absolicon och f\u00e5 m\u00f6jlighet att bli den som ytterst ansvarar verksamhetens projekt. Vi erbjuder dig en sp\u00e4nnande roll d\u00e4r du b\u00e5de har en operativ och strategisk roll vilket innefattar ledarskap samt utveckling av organisation och aff\u00e4rer.<\/p>\n<p>Tj\u00e4nsten avser anst\u00e4llning hos Absolicon, omfattning heltid med placering i H\u00e4rn\u00f6sand.<\/p>\n<p><a href=\"https:\/\/rutinera.se\/teknisk-avdelningschef-till-absolicon\/\">L\u00e4s hela annonsen h\u00e4r.<\/a><\/p>\n<p>Rekryteringen sker i samarbete med Rutinera i Sundsvall, f\u00f6r mer information om tj\u00e4nsten \u00e4r du v\u00e4lkommen att kontakta rekryterare Petra Elf, 070-760 64 47. Din ans\u00f6kan registrerar du p\u00e5&nbsp;<a href=\"https:\/\/www.rutinera.se\/\">www.rutinera.se<\/a>&nbsp;OBS! Ange att du s\u00f6ker tj\u00e4nsten \u201dTeknisk avdelningschef Absolicon\u201d D\u00e5 urval p\u00e5g\u00e5r l\u00f6pande ber vi dig att skicka in den omg\u00e5ende, dock senast den 14 juni 2020.<\/p>\n","protected":false},"excerpt":{"rendered":"<p>[ingress]Absolicon s\u00f6ker nu Teknisk avdelningschef till huvudkontoret i H\u00e4rn\u00f6sand. Som chef f\u00f6r v\u00e5r avdelning inom teknik, projekt och ink\u00f6p ansvarar du f\u00f6r att leda ett team av ingenj\u00f6rer som jobbar med hela kedjan fr\u00e5n ink\u00f6p till forskning och utveckling av tekniska produkter och tillverkningsprocesser.[\/ingress] \u00c4r du en erfaren chef som brinner f\u00f6r teknisk utveckling och [&hellip;]<\/p>\n","protected":false},"author":1,"featured_media":9082,"comment_status":"open","ping_status":"open","sticky":false,"template":"","format":"standard","meta":{"_acf_changed":false,"footnotes":""},"categories":[2],"tags":[],"class_list":["post-9029","post","type-post","status-publish","format-standard","has-post-thumbnail","hentry","category-okategoriserad"],"acf":[],"yoast_head":"<!-- This site is optimized with the Yoast SEO plugin v27.4 - https:\/\/yoast.com\/product\/yoast-seo-wordpress\/ -->\n<title>Absolicon s\u00f6ker Teknisk avdelningschef - Absolicon<\/title>\n<meta name=\"robots\" content=\"index, follow, max-snippet:-1, max-image-preview:large, max-video-preview:-1\" \/>\n<link rel=\"canonical\" href=\"https:\/\/www.agma.com\/sv\/absolicon-soker-teknisk-avdelningschef\/\" \/>\n<meta property=\"og:locale\" content=\"sv_SE\" \/>\n<meta property=\"og:type\" content=\"article\" \/>\n<meta property=\"og:title\" content=\"Absolicon s\u00f6ker Teknisk avdelningschef - Absolicon\" \/>\n<meta property=\"og:description\" content=\"[ingress]Absolicon s\u00f6ker nu Teknisk avdelningschef till huvudkontoret i H\u00e4rn\u00f6sand. Som chef f\u00f6r v\u00e5r avdelning inom teknik, projekt och ink\u00f6p ansvarar du f\u00f6r att leda ett team av ingenj\u00f6rer som jobbar med hela kedjan fr\u00e5n ink\u00f6p till forskning och utveckling av tekniska produkter och tillverkningsprocesser.[\/ingress] \u00c4r du en erfaren chef som brinner f\u00f6r teknisk utveckling och [&hellip;]\" \/>\n<meta property=\"og:url\" content=\"https:\/\/www.agma.com\/sv\/absolicon-soker-teknisk-avdelningschef\/\" \/>\n<meta property=\"og:site_name\" content=\"Absolicon\" \/>\n<meta property=\"article:published_time\" content=\"2020-05-26T00:00:00+00:00\" \/>\n<meta property=\"article:modified_time\" content=\"2020-07-21T05:58:27+00:00\" \/>\n<meta property=\"og:image\" content=\"https:\/\/www.agma.com\/wp-content\/uploads\/2020\/05\/46185187b55129a50bd97d98d61d5e.jpg\" \/>\n\t<meta property=\"og:image:width\" content=\"720\" \/>\n\t<meta property=\"og:image:height\" content=\"250\" \/>\n\t<meta property=\"og:image:type\" content=\"image\/jpeg\" \/>\n<meta name=\"author\" content=\"jakubschenk\" \/>\n<meta name=\"twitter:card\" content=\"summary_large_image\" \/>\n<meta name=\"twitter:label1\" content=\"Skriven av\" \/>\n\t<meta name=\"twitter:data1\" content=\"jakubschenk\" \/>\n<script type=\"application\/ld+json\" class=\"yoast-schema-graph\">{\"@context\":\"https:\\\/\\\/schema.org\",\"@graph\":[{\"@type\":\"Article\",\"@id\":\"https:\\\/\\\/www.agma.com\\\/sv\\\/absolicon-soker-teknisk-avdelningschef\\\/#article\",\"isPartOf\":{\"@id\":\"https:\\\/\\\/www.agma.com\\\/sv\\\/absolicon-soker-teknisk-avdelningschef\\\/\"},\"author\":{\"name\":\"jakubschenk\",\"@id\":\"https:\\\/\\\/www.agma.com\\\/sv\\\/#\\\/schema\\\/person\\\/6820b3ce1cc37edbaecc979090760d8b\"},\"headline\":\"Absolicon s\u00f6ker Teknisk avdelningschef\",\"datePublished\":\"2020-05-26T00:00:00+00:00\",\"dateModified\":\"2020-07-21T05:58:27+00:00\",\"mainEntityOfPage\":{\"@id\":\"https:\\\/\\\/www.agma.com\\\/sv\\\/absolicon-soker-teknisk-avdelningschef\\\/\"},\"wordCount\":238,\"commentCount\":0,\"publisher\":{\"@id\":\"https:\\\/\\\/www.agma.com\\\/sv\\\/#organization\"},\"image\":{\"@id\":\"https:\\\/\\\/www.agma.com\\\/sv\\\/absolicon-soker-teknisk-avdelningschef\\\/#primaryimage\"},\"thumbnailUrl\":\"https:\\\/\\\/www.agma.com\\\/wp-content\\\/uploads\\\/2020\\\/05\\\/46185187b55129a50bd97d98d61d5e.jpg\",\"articleSection\":[\"Okategoriserad\"],\"inLanguage\":\"sv-SE\",\"potentialAction\":[{\"@type\":\"CommentAction\",\"name\":\"Comment\",\"target\":[\"https:\\\/\\\/www.agma.com\\\/sv\\\/absolicon-soker-teknisk-avdelningschef\\\/#respond\"]}]},{\"@type\":\"WebPage\",\"@id\":\"https:\\\/\\\/www.agma.com\\\/sv\\\/absolicon-soker-teknisk-avdelningschef\\\/\",\"url\":\"https:\\\/\\\/www.agma.com\\\/sv\\\/absolicon-soker-teknisk-avdelningschef\\\/\",\"name\":\"Absolicon s\u00f6ker Teknisk avdelningschef - Absolicon\",\"isPartOf\":{\"@id\":\"https:\\\/\\\/www.agma.com\\\/sv\\\/#website\"},\"primaryImageOfPage\":{\"@id\":\"https:\\\/\\\/www.agma.com\\\/sv\\\/absolicon-soker-teknisk-avdelningschef\\\/#primaryimage\"},\"image\":{\"@id\":\"https:\\\/\\\/www.agma.com\\\/sv\\\/absolicon-soker-teknisk-avdelningschef\\\/#primaryimage\"},\"thumbnailUrl\":\"https:\\\/\\\/www.agma.com\\\/wp-content\\\/uploads\\\/2020\\\/05\\\/46185187b55129a50bd97d98d61d5e.jpg\",\"datePublished\":\"2020-05-26T00:00:00+00:00\",\"dateModified\":\"2020-07-21T05:58:27+00:00\",\"breadcrumb\":{\"@id\":\"https:\\\/\\\/www.agma.com\\\/sv\\\/absolicon-soker-teknisk-avdelningschef\\\/#breadcrumb\"},\"inLanguage\":\"sv-SE\",\"potentialAction\":[{\"@type\":\"ReadAction\",\"target\":[\"https:\\\/\\\/www.agma.com\\\/sv\\\/absolicon-soker-teknisk-avdelningschef\\\/\"]}]},{\"@type\":\"ImageObject\",\"inLanguage\":\"sv-SE\",\"@id\":\"https:\\\/\\\/www.agma.com\\\/sv\\\/absolicon-soker-teknisk-avdelningschef\\\/#primaryimage\",\"url\":\"https:\\\/\\\/www.agma.com\\\/wp-content\\\/uploads\\\/2020\\\/05\\\/46185187b55129a50bd97d98d61d5e.jpg\",\"contentUrl\":\"https:\\\/\\\/www.agma.com\\\/wp-content\\\/uploads\\\/2020\\\/05\\\/46185187b55129a50bd97d98d61d5e.jpg\",\"width\":720,\"height\":250},{\"@type\":\"BreadcrumbList\",\"@id\":\"https:\\\/\\\/www.agma.com\\\/sv\\\/absolicon-soker-teknisk-avdelningschef\\\/#breadcrumb\",\"itemListElement\":[{\"@type\":\"ListItem\",\"position\":1,\"name\":\"Home\",\"item\":\"https:\\\/\\\/www.agma.com\\\/sv\\\/\"},{\"@type\":\"ListItem\",\"position\":2,\"name\":\"Absolicon s\u00f6ker Teknisk avdelningschef\"}]},{\"@type\":\"WebSite\",\"@id\":\"https:\\\/\\\/www.agma.com\\\/sv\\\/#website\",\"url\":\"https:\\\/\\\/www.agma.com\\\/sv\\\/\",\"name\":\"Absolicon\",\"description\":\"\",\"publisher\":{\"@id\":\"https:\\\/\\\/www.agma.com\\\/sv\\\/#organization\"},\"potentialAction\":[{\"@type\":\"SearchAction\",\"target\":{\"@type\":\"EntryPoint\",\"urlTemplate\":\"https:\\\/\\\/www.agma.com\\\/sv\\\/?s={search_term_string}\"},\"query-input\":{\"@type\":\"PropertyValueSpecification\",\"valueRequired\":true,\"valueName\":\"search_term_string\"}}],\"inLanguage\":\"sv-SE\"},{\"@type\":\"Organization\",\"@id\":\"https:\\\/\\\/www.agma.com\\\/sv\\\/#organization\",\"name\":\"Absolicon\",\"url\":\"https:\\\/\\\/www.agma.com\\\/sv\\\/\",\"logo\":{\"@type\":\"ImageObject\",\"inLanguage\":\"sv-SE\",\"@id\":\"https:\\\/\\\/www.agma.com\\\/sv\\\/#\\\/schema\\\/logo\\\/image\\\/\",\"url\":\"https:\\\/\\\/www.agma.com\\\/wp-content\\\/uploads\\\/2026\\\/04\\\/logotype_neg_blk.svg\",\"contentUrl\":\"https:\\\/\\\/www.agma.com\\\/wp-content\\\/uploads\\\/2026\\\/04\\\/logotype_neg_blk.svg\",\"width\":705,\"height\":83,\"caption\":\"Absolicon\"},\"image\":{\"@id\":\"https:\\\/\\\/www.agma.com\\\/sv\\\/#\\\/schema\\\/logo\\\/image\\\/\"}},{\"@type\":\"Person\",\"@id\":\"https:\\\/\\\/www.agma.com\\\/sv\\\/#\\\/schema\\\/person\\\/6820b3ce1cc37edbaecc979090760d8b\",\"name\":\"jakubschenk\",\"image\":{\"@type\":\"ImageObject\",\"inLanguage\":\"sv-SE\",\"@id\":\"https:\\\/\\\/secure.gravatar.com\\\/avatar\\\/0ab843002d4a58702560e02354e5f9a3206e13bbfaa9df5a188e463870f605cd?s=96&d=mm&r=g\",\"url\":\"https:\\\/\\\/secure.gravatar.com\\\/avatar\\\/0ab843002d4a58702560e02354e5f9a3206e13bbfaa9df5a188e463870f605cd?s=96&d=mm&r=g\",\"contentUrl\":\"https:\\\/\\\/secure.gravatar.com\\\/avatar\\\/0ab843002d4a58702560e02354e5f9a3206e13bbfaa9df5a188e463870f605cd?s=96&d=mm&r=g\",\"caption\":\"jakubschenk\"},\"sameAs\":[\"https:\\\/\\\/www.agma.com\"],\"url\":\"https:\\\/\\\/www.agma.com\\\/sv\\\/author\\\/jakubschenk\\\/\"}]}<\/script>\n<!-- \/ Yoast SEO plugin. -->","yoast_head_json":{"title":"Absolicon s\u00f6ker Teknisk avdelningschef - Absolicon","robots":{"index":"index","follow":"follow","max-snippet":"max-snippet:-1","max-image-preview":"max-image-preview:large","max-video-preview":"max-video-preview:-1"},"canonical":"https:\/\/www.agma.com\/sv\/absolicon-soker-teknisk-avdelningschef\/","og_locale":"sv_SE","og_type":"article","og_title":"Absolicon s\u00f6ker Teknisk avdelningschef - Absolicon","og_description":"[ingress]Absolicon s\u00f6ker nu Teknisk avdelningschef till huvudkontoret i H\u00e4rn\u00f6sand. Som chef f\u00f6r v\u00e5r avdelning inom teknik, projekt och ink\u00f6p ansvarar du f\u00f6r att leda ett team av ingenj\u00f6rer som jobbar med hela kedjan fr\u00e5n ink\u00f6p till forskning och utveckling av tekniska produkter och tillverkningsprocesser.[\/ingress] \u00c4r du en erfaren chef som brinner f\u00f6r teknisk utveckling och [&hellip;]","og_url":"https:\/\/www.agma.com\/sv\/absolicon-soker-teknisk-avdelningschef\/","og_site_name":"Absolicon","article_published_time":"2020-05-26T00:00:00+00:00","article_modified_time":"2020-07-21T05:58:27+00:00","og_image":[{"width":720,"height":250,"url":"https:\/\/www.agma.com\/wp-content\/uploads\/2020\/05\/46185187b55129a50bd97d98d61d5e.jpg","type":"image\/jpeg"}],"author":"jakubschenk","twitter_card":"summary_large_image","twitter_misc":{"Skriven av":"jakubschenk"},"schema":{"@context":"https:\/\/schema.org","@graph":[{"@type":"Article","@id":"https:\/\/www.agma.com\/sv\/absolicon-soker-teknisk-avdelningschef\/#article","isPartOf":{"@id":"https:\/\/www.agma.com\/sv\/absolicon-soker-teknisk-avdelningschef\/"},"author":{"name":"jakubschenk","@id":"https:\/\/www.agma.com\/sv\/#\/schema\/person\/6820b3ce1cc37edbaecc979090760d8b"},"headline":"Absolicon s\u00f6ker Teknisk avdelningschef","datePublished":"2020-05-26T00:00:00+00:00","dateModified":"2020-07-21T05:58:27+00:00","mainEntityOfPage":{"@id":"https:\/\/www.agma.com\/sv\/absolicon-soker-teknisk-avdelningschef\/"},"wordCount":238,"commentCount":0,"publisher":{"@id":"https:\/\/www.agma.com\/sv\/#organization"},"image":{"@id":"https:\/\/www.agma.com\/sv\/absolicon-soker-teknisk-avdelningschef\/#primaryimage"},"thumbnailUrl":"https:\/\/www.agma.com\/wp-content\/uploads\/2020\/05\/46185187b55129a50bd97d98d61d5e.jpg","articleSection":["Okategoriserad"],"inLanguage":"sv-SE","potentialAction":[{"@type":"CommentAction","name":"Comment","target":["https:\/\/www.agma.com\/sv\/absolicon-soker-teknisk-avdelningschef\/#respond"]}]},{"@type":"WebPage","@id":"https:\/\/www.agma.com\/sv\/absolicon-soker-teknisk-avdelningschef\/","url":"https:\/\/www.agma.com\/sv\/absolicon-soker-teknisk-avdelningschef\/","name":"Absolicon s\u00f6ker Teknisk avdelningschef - Absolicon","isPartOf":{"@id":"https:\/\/www.agma.com\/sv\/#website"},"primaryImageOfPage":{"@id":"https:\/\/www.agma.com\/sv\/absolicon-soker-teknisk-avdelningschef\/#primaryimage"},"image":{"@id":"https:\/\/www.agma.com\/sv\/absolicon-soker-teknisk-avdelningschef\/#primaryimage"},"thumbnailUrl":"https:\/\/www.agma.com\/wp-content\/uploads\/2020\/05\/46185187b55129a50bd97d98d61d5e.jpg","datePublished":"2020-05-26T00:00:00+00:00","dateModified":"2020-07-21T05:58:27+00:00","breadcrumb":{"@id":"https:\/\/www.agma.com\/sv\/absolicon-soker-teknisk-avdelningschef\/#breadcrumb"},"inLanguage":"sv-SE","potentialAction":[{"@type":"ReadAction","target":["https:\/\/www.agma.com\/sv\/absolicon-soker-teknisk-avdelningschef\/"]}]},{"@type":"ImageObject","inLanguage":"sv-SE","@id":"https:\/\/www.agma.com\/sv\/absolicon-soker-teknisk-avdelningschef\/#primaryimage","url":"https:\/\/www.agma.com\/wp-content\/uploads\/2020\/05\/46185187b55129a50bd97d98d61d5e.jpg","contentUrl":"https:\/\/www.agma.com\/wp-content\/uploads\/2020\/05\/46185187b55129a50bd97d98d61d5e.jpg","width":720,"height":250},{"@type":"BreadcrumbList","@id":"https:\/\/www.agma.com\/sv\/absolicon-soker-teknisk-avdelningschef\/#breadcrumb","itemListElement":[{"@type":"ListItem","position":1,"name":"Home","item":"https:\/\/www.agma.com\/sv\/"},{"@type":"ListItem","position":2,"name":"Absolicon s\u00f6ker Teknisk avdelningschef"}]},{"@type":"WebSite","@id":"https:\/\/www.agma.com\/sv\/#website","url":"https:\/\/www.agma.com\/sv\/","name":"Absolicon","description":"","publisher":{"@id":"https:\/\/www.agma.com\/sv\/#organization"},"potentialAction":[{"@type":"SearchAction","target":{"@type":"EntryPoint","urlTemplate":"https:\/\/www.agma.com\/sv\/?s={search_term_string}"},"query-input":{"@type":"PropertyValueSpecification","valueRequired":true,"valueName":"search_term_string"}}],"inLanguage":"sv-SE"},{"@type":"Organization","@id":"https:\/\/www.agma.com\/sv\/#organization","name":"Absolicon","url":"https:\/\/www.agma.com\/sv\/","logo":{"@type":"ImageObject","inLanguage":"sv-SE","@id":"https:\/\/www.agma.com\/sv\/#\/schema\/logo\/image\/","url":"https:\/\/www.agma.com\/wp-content\/uploads\/2026\/04\/logotype_neg_blk.svg","contentUrl":"https:\/\/www.agma.com\/wp-content\/uploads\/2026\/04\/logotype_neg_blk.svg","width":705,"height":83,"caption":"Absolicon"},"image":{"@id":"https:\/\/www.agma.com\/sv\/#\/schema\/logo\/image\/"}},{"@type":"Person","@id":"https:\/\/www.agma.com\/sv\/#\/schema\/person\/6820b3ce1cc37edbaecc979090760d8b","name":"jakubschenk","image":{"@type":"ImageObject","inLanguage":"sv-SE","@id":"https:\/\/secure.gravatar.com\/avatar\/0ab843002d4a58702560e02354e5f9a3206e13bbfaa9df5a188e463870f605cd?s=96&d=mm&r=g","url":"https:\/\/secure.gravatar.com\/avatar\/0ab843002d4a58702560e02354e5f9a3206e13bbfaa9df5a188e463870f605cd?s=96&d=mm&r=g","contentUrl":"https:\/\/secure.gravatar.com\/avatar\/0ab843002d4a58702560e02354e5f9a3206e13bbfaa9df5a188e463870f605cd?s=96&d=mm&r=g","caption":"jakubschenk"},"sameAs":["https:\/\/www.agma.com"],"url":"https:\/\/www.agma.com\/sv\/author\/jakubschenk\/"}]}},"_links":{"self":[{"href":"https:\/\/www.agma.com\/sv\/wp-json\/wp\/v2\/posts\/9029","targetHints":{"allow":["GET"]}}],"collection":[{"href":"https:\/\/www.agma.com\/sv\/wp-json\/wp\/v2\/posts"}],"about":[{"href":"https:\/\/www.agma.com\/sv\/wp-json\/wp\/v2\/types\/post"}],"author":[{"embeddable":true,"href":"https:\/\/www.agma.com\/sv\/wp-json\/wp\/v2\/users\/1"}],"replies":[{"embeddable":true,"href":"https:\/\/www.agma.com\/sv\/wp-json\/wp\/v2\/comments?post=9029"}],"version-history":[{"count":1,"href":"https:\/\/www.agma.com\/sv\/wp-json\/wp\/v2\/posts\/9029\/revisions"}],"predecessor-version":[{"id":9084,"href":"https:\/\/www.agma.com\/sv\/wp-json\/wp\/v2\/posts\/9029\/revisions\/9084"}],"wp:featuredmedia":[{"embeddable":true,"href":"https:\/\/www.agma.com\/sv\/wp-json\/wp\/v2\/media\/9082"}],"wp:attachment":[{"href":"https:\/\/www.agma.com\/sv\/wp-json\/wp\/v2\/media?parent=9029"}],"wp:term":[{"taxonomy":"category","embeddable":true,"href":"https:\/\/www.agma.com\/sv\/wp-json\/wp\/v2\/categories?post=9029"},{"taxonomy":"post_tag","embeddable":true,"href":"https:\/\/www.agma.com\/sv\/wp-json\/wp\/v2\/tags?post=9029"}],"curies":[{"name":"wp","href":"https:\/\/api.w.org\/{rel}","templated":true}]}}