{"id":9032,"date":"2020-06-08T00:00:00","date_gmt":"2020-06-08T00:00:00","guid":{"rendered":"https:\/\/www.absolicon.com\/enercity-tecknar-ramavtal-med-absolicon-om-forvarv-av-produktionslina-i-ecuador\/"},"modified":"2020-07-21T05:49:51","modified_gmt":"2020-07-21T05:49:51","slug":"enercity-tecknar-ramavtal-med-absolicon-om-forvarv-av-produktionslina-i-ecuador","status":"publish","type":"post","link":"https:\/\/www.agma.com\/sv\/enercity-tecknar-ramavtal-med-absolicon-om-forvarv-av-produktionslina-i-ecuador\/","title":{"rendered":"Enercity tecknar ramavtal med Absolicon om f\u00f6rv\u00e4rv av produktionslina i Ecuador"},"content":{"rendered":"<p>[ingress]Enercity har tecknat ett ramavtal med Absolicon om f\u00f6rv\u00e4rv av en produktionslina f\u00f6r solf\u00e5ngaren T160 i Ecuador. Enercity \u00e4r ett av de ledande f\u00f6retagen inom f\u00f6rnyelsebara energik\u00e4llor och energieffektivisering f\u00f6r hush\u00e5ll och industri i regionen. Det totala f\u00f6rs\u00e4ljningsv\u00e4rdet som omfattas av avtalet uppskattas till 40\u201350 miljoner kronor plus m\u00e5natlig licensavgift om 4% och f\u00f6rs\u00e4ljning av komponenter. Ramavtalet f\u00f6reskriver principerna f\u00f6r de separata avtal som skall uppr\u00e4ttas.[\/ingress]<\/p>\n<h2><strong>Inneh\u00e5ll i ramavtalet<\/strong><\/h2>\n<p><strong><\/strong>Ramavtalet beskriver de separata avtal som skall uppr\u00e4ttas i processen. Absolicons int\u00e4kter fr\u00e5n f\u00f6rs\u00e4ljningen kan inordnas i tre grupper: f\u00f6rv\u00e4rv av linan, licensint\u00e4kter och int\u00e4kter fr\u00e5n materialf\u00f6rs\u00e4ljning.<\/p>\n<p>1. F\u00f6rs\u00e4ljning av produktionslinan<br \/>\nProduktionslinan \u00e4r av samma modell som Absolicon har i Sverige och som bolaget redan levererat till Sichuanprovinsen. Linan med tv\u00e5 sexaxliga robotar har kapacitet att tillverka 50 MW solf\u00e5ngare (100 000 m2) per \u00e5r. Tillsammans med h\u00e5rdvaran levererar Absolicon konsultst\u00f6d f\u00f6r marknadsarbete och teknisk support, utveckling och teknisk utbildning.<\/p>\n<p>Det totala v\u00e4rdet av h\u00e5rdvara och aktiviteter som omfattas av avtalet uppskattas till 40\u201350 miljoner kronor.<\/p>\n<p>2. Licens f\u00f6r att tillverka T160<br \/>\nF\u00f6r r\u00e4ttigheten att tillverka T160 under Absolicons immaterialr\u00e4ttsliga skydd, ta del av framtida produktutveckling och anv\u00e4nda Absolicons varum\u00e4rke utg\u00e5r m\u00e5natlig licensavgift om ca 4% p\u00e5 f\u00f6rs\u00e4ljningsv\u00e4rdet.<\/p>\n<p>Produktionslinan i full produktion tillverkar p\u00e5 ett skift 50 MW solf\u00e5ngare (100 000 m2) per \u00e5r med f\u00f6rs\u00e4ljningsv\u00e4rde 200\u2013250 miljoner kronor vilket med 4% licensavgift skulle inneb\u00e4ra ca 8 miljoner kronor per \u00e5r i licensint\u00e4kt. Absolicons uppskattning \u00e4r dock att det tar tid innan Enecity utvecklat solv\u00e4rmemarknaden f\u00f6r industrier i regionen s\u00e5 att de volymerna kan uppn\u00e5s.<\/p>\n<p>3. Materialf\u00f6rs\u00f6rjning<br \/>\nGenom avtalet s\u00e4kerst\u00e4ller Absolicon tillg\u00e5ng p\u00e5 patenterade komponenter och insatsvaror av h\u00f6g kvalit\u00e9 som delvis tillverkas i Ecuador eller lokalt vid installationsplatsen.<\/p>\n<p>Vid full produktion beh\u00f6ver produktionslinan k\u00f6pa material f\u00f6r 100\u2013150 miljoner kronor per \u00e5r d\u00e4r 20% &#8211; 30% av ink\u00f6pen kan komma att g\u00e5 genom Absolicon och 70% &#8211; 80% fr\u00e5n lokala underleverant\u00f6rer. Utfallet f\u00f6r Absolicon beror i viss utstr\u00e4ckning p\u00e5 resultatet av Absolicons p\u00e5g\u00e5ende materialsatsning.<\/p>\n<h2>Ramavtalet beskriver \u00f6vergripande principer<\/h2>\n<p>Ramavtalet f\u00f6reskriver de \u00f6vergripande principerna f\u00f6r de separata avtal som skall uppr\u00e4ttas, och vilka steg som skall tas innan ett bindande avtal f\u00f6r f\u00f6rv\u00e4rv av produktionslinan kan tecknas. Det uppskattade v\u00e4rdet kan komma att \u00e4ndras liksom slutgiltig utformning av produktionslinans produktionskapacitet. Absolicon uppskattar idag att f\u00f6rs\u00e4ljningsv\u00e4rdet av avtalet ligger i nedre delen av intervallet 40-50 miljoner kronor.<\/p>\n<p>Om Enercity inte uppfyller sina \u00e5taganden i varje steg f\u00f6rlorar de r\u00e4tten att genomf\u00f6ra f\u00f6rv\u00e4rvet och har d\u00e5 m\u00f6jlighet att f\u00e5 tillbaka en del av k\u00f6peskillingen, dock aldrig f\u00f6r Absolicons havda kostnader.<\/p>\n<h2>Marknadspotential<\/h2>\n<p>Ecuador \u00e4r bel\u00e4get vid ekvatorialzonen och bergskedjan Anderna som ligger i v\u00e4stra delen av Sydamerika och har m\u00e5nga platser med mycket h\u00f6g solinstr\u00e5lning. Den potentiella marknaden i Ecuador, f\u00f6r en produktionslina som producerar Absolicons solf\u00e5ngare T160 uppg\u00e5r till 19 miljoner kvadratmeter, motsvarande 4 miljoner solf\u00e5ngare eller 9 GWth, vilket skulle minska landets Co2-utsl\u00e4pp fr\u00e5n industrin med 80 % n\u00e4r olja ers\u00e4tts som br\u00e4nsle.<\/p>\n<p>Enercity \u00e4r ett ledande f\u00f6retag i Ecuador specialiserat p\u00e5 effektiv energianv\u00e4ndning och f\u00f6rnyelsebara energik\u00e4llor.<\/p>\n<p>Absolicon och Enercity har idag tecknat ett ramavtal om f\u00f6rv\u00e4rv av en produktionslina f\u00f6r etablering i Ecuador f\u00f6r att f\u00f6rse regionen med avancerade solf\u00e5ngare.<br \/>\nSamarbetet bygger p\u00e5 Enercitys etablerade kontakter i Ecuador och angr\u00e4nsande l\u00e4nder samt deras l\u00e5nga kommersiella erfarenhet p\u00e5 marknaden som en av de st\u00f6rsta import\u00f6rerna av solenergiteknik i regionen.<\/p>\n<p>St\u00f6rsta marknadssegment f\u00f6r Absolicons solf\u00e5ngarteknik i regionen \u00e4r:<br \/>\n\u2022 Livsmedels- och dryckesindustrin<br \/>\n\u2022 Textilindustrin<br \/>\n\u2022 Kemikalieindustrin<\/p>\n<h2>N\u00e4sta steg<\/h2>\n<p>F\u00f6rhandlingarna inf\u00f6r undertecknandet av ramavtalet har i detta fall g\u00e5tt fort och samarbetet \u00e4r fortfarande i ett tidigt skede. Diskussioner har just inletts om de f\u00f6rsta pilotinstallationerna av T160 i Ecuador. Nu sker mer detaljerad kontraktsskrivning. Betalning sker steg f\u00f6r steg p\u00e5 samma s\u00e4tt som vid den tidigare f\u00f6rs\u00e4ljningen av produktionslinan till provinsen Sichuan.<\/p>\n<p><em>Denna information \u00e4r s\u00e5dan information som Absolicon Solar Collector AB \u00e4r skyldigt att offentligg\u00f6ra enligt EU:s marknadsmissbruksf\u00f6rordning. Informationen l\u00e4mnades, genom ovanst\u00e5ende kontaktpersons f\u00f6rsorg, f\u00f6r offentligg\u00f6rande den 8 juni 2020.<\/em><\/p>\n","protected":false},"excerpt":{"rendered":"<p>[ingress]Enercity har tecknat ett ramavtal med Absolicon om f\u00f6rv\u00e4rv av en produktionslina f\u00f6r solf\u00e5ngaren T160 i Ecuador. Enercity \u00e4r ett av de ledande f\u00f6retagen inom f\u00f6rnyelsebara energik\u00e4llor och energieffektivisering f\u00f6r hush\u00e5ll och industri i regionen. Det totala f\u00f6rs\u00e4ljningsv\u00e4rdet som omfattas av avtalet uppskattas till 40\u201350 miljoner kronor plus m\u00e5natlig licensavgift om 4% och f\u00f6rs\u00e4ljning av [&hellip;]<\/p>\n","protected":false},"author":1,"featured_media":8566,"comment_status":"open","ping_status":"open","sticky":false,"template":"","format":"standard","meta":{"_acf_changed":false,"footnotes":""},"categories":[2],"tags":[],"class_list":["post-9032","post","type-post","status-publish","format-standard","has-post-thumbnail","hentry","category-okategoriserad"],"acf":[],"yoast_head":"<!-- This site is optimized with the Yoast SEO plugin v27.4 - https:\/\/yoast.com\/product\/yoast-seo-wordpress\/ -->\n<title>Enercity tecknar ramavtal med Absolicon om f\u00f6rv\u00e4rv av produktionslina i Ecuador - Absolicon<\/title>\n<meta name=\"robots\" content=\"index, follow, max-snippet:-1, max-image-preview:large, max-video-preview:-1\" \/>\n<link rel=\"canonical\" href=\"https:\/\/www.agma.com\/sv\/enercity-tecknar-ramavtal-med-absolicon-om-forvarv-av-produktionslina-i-ecuador\/\" \/>\n<meta property=\"og:locale\" content=\"sv_SE\" \/>\n<meta property=\"og:type\" content=\"article\" \/>\n<meta property=\"og:title\" content=\"Enercity tecknar ramavtal med Absolicon om f\u00f6rv\u00e4rv av produktionslina i Ecuador - Absolicon\" \/>\n<meta property=\"og:description\" content=\"[ingress]Enercity har tecknat ett ramavtal med Absolicon om f\u00f6rv\u00e4rv av en produktionslina f\u00f6r solf\u00e5ngaren T160 i Ecuador. Enercity \u00e4r ett av de ledande f\u00f6retagen inom f\u00f6rnyelsebara energik\u00e4llor och energieffektivisering f\u00f6r hush\u00e5ll och industri i regionen. Det totala f\u00f6rs\u00e4ljningsv\u00e4rdet som omfattas av avtalet uppskattas till 40\u201350 miljoner kronor plus m\u00e5natlig licensavgift om 4% och f\u00f6rs\u00e4ljning av [&hellip;]\" \/>\n<meta property=\"og:url\" content=\"https:\/\/www.agma.com\/sv\/enercity-tecknar-ramavtal-med-absolicon-om-forvarv-av-produktionslina-i-ecuador\/\" \/>\n<meta property=\"og:site_name\" content=\"Absolicon\" \/>\n<meta property=\"article:published_time\" content=\"2020-06-08T00:00:00+00:00\" \/>\n<meta property=\"article:modified_time\" content=\"2020-07-21T05:49:51+00:00\" \/>\n<meta property=\"og:image\" content=\"https:\/\/www.agma.com\/wp-content\/uploads\/2020\/06\/robot-detalj_top.jpg\" \/>\n\t<meta property=\"og:image:width\" content=\"2189\" \/>\n\t<meta property=\"og:image:height\" content=\"1107\" \/>\n\t<meta property=\"og:image:type\" content=\"image\/jpeg\" \/>\n<meta name=\"author\" content=\"jakubschenk\" \/>\n<meta name=\"twitter:card\" content=\"summary_large_image\" \/>\n<meta name=\"twitter:label1\" content=\"Skriven av\" \/>\n\t<meta name=\"twitter:data1\" content=\"jakubschenk\" \/>\n<script type=\"application\/ld+json\" class=\"yoast-schema-graph\">{\"@context\":\"https:\\\/\\\/schema.org\",\"@graph\":[{\"@type\":\"Article\",\"@id\":\"https:\\\/\\\/www.agma.com\\\/sv\\\/enercity-tecknar-ramavtal-med-absolicon-om-forvarv-av-produktionslina-i-ecuador\\\/#article\",\"isPartOf\":{\"@id\":\"https:\\\/\\\/www.agma.com\\\/sv\\\/enercity-tecknar-ramavtal-med-absolicon-om-forvarv-av-produktionslina-i-ecuador\\\/\"},\"author\":{\"name\":\"jakubschenk\",\"@id\":\"https:\\\/\\\/www.agma.com\\\/sv\\\/#\\\/schema\\\/person\\\/6820b3ce1cc37edbaecc979090760d8b\"},\"headline\":\"Enercity tecknar ramavtal med Absolicon om f\u00f6rv\u00e4rv av produktionslina i Ecuador\",\"datePublished\":\"2020-06-08T00:00:00+00:00\",\"dateModified\":\"2020-07-21T05:49:51+00:00\",\"mainEntityOfPage\":{\"@id\":\"https:\\\/\\\/www.agma.com\\\/sv\\\/enercity-tecknar-ramavtal-med-absolicon-om-forvarv-av-produktionslina-i-ecuador\\\/\"},\"wordCount\":776,\"commentCount\":0,\"publisher\":{\"@id\":\"https:\\\/\\\/www.agma.com\\\/sv\\\/#organization\"},\"image\":{\"@id\":\"https:\\\/\\\/www.agma.com\\\/sv\\\/enercity-tecknar-ramavtal-med-absolicon-om-forvarv-av-produktionslina-i-ecuador\\\/#primaryimage\"},\"thumbnailUrl\":\"https:\\\/\\\/www.agma.com\\\/wp-content\\\/uploads\\\/2020\\\/06\\\/robot-detalj_top.jpg\",\"articleSection\":[\"Okategoriserad\"],\"inLanguage\":\"sv-SE\",\"potentialAction\":[{\"@type\":\"CommentAction\",\"name\":\"Comment\",\"target\":[\"https:\\\/\\\/www.agma.com\\\/sv\\\/enercity-tecknar-ramavtal-med-absolicon-om-forvarv-av-produktionslina-i-ecuador\\\/#respond\"]}]},{\"@type\":\"WebPage\",\"@id\":\"https:\\\/\\\/www.agma.com\\\/sv\\\/enercity-tecknar-ramavtal-med-absolicon-om-forvarv-av-produktionslina-i-ecuador\\\/\",\"url\":\"https:\\\/\\\/www.agma.com\\\/sv\\\/enercity-tecknar-ramavtal-med-absolicon-om-forvarv-av-produktionslina-i-ecuador\\\/\",\"name\":\"Enercity tecknar ramavtal med Absolicon om f\u00f6rv\u00e4rv av produktionslina i Ecuador - Absolicon\",\"isPartOf\":{\"@id\":\"https:\\\/\\\/www.agma.com\\\/sv\\\/#website\"},\"primaryImageOfPage\":{\"@id\":\"https:\\\/\\\/www.agma.com\\\/sv\\\/enercity-tecknar-ramavtal-med-absolicon-om-forvarv-av-produktionslina-i-ecuador\\\/#primaryimage\"},\"image\":{\"@id\":\"https:\\\/\\\/www.agma.com\\\/sv\\\/enercity-tecknar-ramavtal-med-absolicon-om-forvarv-av-produktionslina-i-ecuador\\\/#primaryimage\"},\"thumbnailUrl\":\"https:\\\/\\\/www.agma.com\\\/wp-content\\\/uploads\\\/2020\\\/06\\\/robot-detalj_top.jpg\",\"datePublished\":\"2020-06-08T00:00:00+00:00\",\"dateModified\":\"2020-07-21T05:49:51+00:00\",\"breadcrumb\":{\"@id\":\"https:\\\/\\\/www.agma.com\\\/sv\\\/enercity-tecknar-ramavtal-med-absolicon-om-forvarv-av-produktionslina-i-ecuador\\\/#breadcrumb\"},\"inLanguage\":\"sv-SE\",\"potentialAction\":[{\"@type\":\"ReadAction\",\"target\":[\"https:\\\/\\\/www.agma.com\\\/sv\\\/enercity-tecknar-ramavtal-med-absolicon-om-forvarv-av-produktionslina-i-ecuador\\\/\"]}]},{\"@type\":\"ImageObject\",\"inLanguage\":\"sv-SE\",\"@id\":\"https:\\\/\\\/www.agma.com\\\/sv\\\/enercity-tecknar-ramavtal-med-absolicon-om-forvarv-av-produktionslina-i-ecuador\\\/#primaryimage\",\"url\":\"https:\\\/\\\/www.agma.com\\\/wp-content\\\/uploads\\\/2020\\\/06\\\/robot-detalj_top.jpg\",\"contentUrl\":\"https:\\\/\\\/www.agma.com\\\/wp-content\\\/uploads\\\/2020\\\/06\\\/robot-detalj_top.jpg\",\"width\":2189,\"height\":1107},{\"@type\":\"BreadcrumbList\",\"@id\":\"https:\\\/\\\/www.agma.com\\\/sv\\\/enercity-tecknar-ramavtal-med-absolicon-om-forvarv-av-produktionslina-i-ecuador\\\/#breadcrumb\",\"itemListElement\":[{\"@type\":\"ListItem\",\"position\":1,\"name\":\"Home\",\"item\":\"https:\\\/\\\/www.agma.com\\\/sv\\\/\"},{\"@type\":\"ListItem\",\"position\":2,\"name\":\"Enercity tecknar ramavtal med Absolicon om f\u00f6rv\u00e4rv av produktionslina i Ecuador\"}]},{\"@type\":\"WebSite\",\"@id\":\"https:\\\/\\\/www.agma.com\\\/sv\\\/#website\",\"url\":\"https:\\\/\\\/www.agma.com\\\/sv\\\/\",\"name\":\"Absolicon\",\"description\":\"\",\"publisher\":{\"@id\":\"https:\\\/\\\/www.agma.com\\\/sv\\\/#organization\"},\"potentialAction\":[{\"@type\":\"SearchAction\",\"target\":{\"@type\":\"EntryPoint\",\"urlTemplate\":\"https:\\\/\\\/www.agma.com\\\/sv\\\/?s={search_term_string}\"},\"query-input\":{\"@type\":\"PropertyValueSpecification\",\"valueRequired\":true,\"valueName\":\"search_term_string\"}}],\"inLanguage\":\"sv-SE\"},{\"@type\":\"Organization\",\"@id\":\"https:\\\/\\\/www.agma.com\\\/sv\\\/#organization\",\"name\":\"Absolicon\",\"url\":\"https:\\\/\\\/www.agma.com\\\/sv\\\/\",\"logo\":{\"@type\":\"ImageObject\",\"inLanguage\":\"sv-SE\",\"@id\":\"https:\\\/\\\/www.agma.com\\\/sv\\\/#\\\/schema\\\/logo\\\/image\\\/\",\"url\":\"https:\\\/\\\/www.agma.com\\\/wp-content\\\/uploads\\\/2026\\\/04\\\/logotype_neg_blk.svg\",\"contentUrl\":\"https:\\\/\\\/www.agma.com\\\/wp-content\\\/uploads\\\/2026\\\/04\\\/logotype_neg_blk.svg\",\"width\":705,\"height\":83,\"caption\":\"Absolicon\"},\"image\":{\"@id\":\"https:\\\/\\\/www.agma.com\\\/sv\\\/#\\\/schema\\\/logo\\\/image\\\/\"}},{\"@type\":\"Person\",\"@id\":\"https:\\\/\\\/www.agma.com\\\/sv\\\/#\\\/schema\\\/person\\\/6820b3ce1cc37edbaecc979090760d8b\",\"name\":\"jakubschenk\",\"image\":{\"@type\":\"ImageObject\",\"inLanguage\":\"sv-SE\",\"@id\":\"https:\\\/\\\/secure.gravatar.com\\\/avatar\\\/0ab843002d4a58702560e02354e5f9a3206e13bbfaa9df5a188e463870f605cd?s=96&d=mm&r=g\",\"url\":\"https:\\\/\\\/secure.gravatar.com\\\/avatar\\\/0ab843002d4a58702560e02354e5f9a3206e13bbfaa9df5a188e463870f605cd?s=96&d=mm&r=g\",\"contentUrl\":\"https:\\\/\\\/secure.gravatar.com\\\/avatar\\\/0ab843002d4a58702560e02354e5f9a3206e13bbfaa9df5a188e463870f605cd?s=96&d=mm&r=g\",\"caption\":\"jakubschenk\"},\"sameAs\":[\"https:\\\/\\\/www.agma.com\"],\"url\":\"https:\\\/\\\/www.agma.com\\\/sv\\\/author\\\/jakubschenk\\\/\"}]}<\/script>\n<!-- \/ Yoast SEO plugin. -->","yoast_head_json":{"title":"Enercity tecknar ramavtal med Absolicon om f\u00f6rv\u00e4rv av produktionslina i Ecuador - Absolicon","robots":{"index":"index","follow":"follow","max-snippet":"max-snippet:-1","max-image-preview":"max-image-preview:large","max-video-preview":"max-video-preview:-1"},"canonical":"https:\/\/www.agma.com\/sv\/enercity-tecknar-ramavtal-med-absolicon-om-forvarv-av-produktionslina-i-ecuador\/","og_locale":"sv_SE","og_type":"article","og_title":"Enercity tecknar ramavtal med Absolicon om f\u00f6rv\u00e4rv av produktionslina i Ecuador - Absolicon","og_description":"[ingress]Enercity har tecknat ett ramavtal med Absolicon om f\u00f6rv\u00e4rv av en produktionslina f\u00f6r solf\u00e5ngaren T160 i Ecuador. Enercity \u00e4r ett av de ledande f\u00f6retagen inom f\u00f6rnyelsebara energik\u00e4llor och energieffektivisering f\u00f6r hush\u00e5ll och industri i regionen. Det totala f\u00f6rs\u00e4ljningsv\u00e4rdet som omfattas av avtalet uppskattas till 40\u201350 miljoner kronor plus m\u00e5natlig licensavgift om 4% och f\u00f6rs\u00e4ljning av [&hellip;]","og_url":"https:\/\/www.agma.com\/sv\/enercity-tecknar-ramavtal-med-absolicon-om-forvarv-av-produktionslina-i-ecuador\/","og_site_name":"Absolicon","article_published_time":"2020-06-08T00:00:00+00:00","article_modified_time":"2020-07-21T05:49:51+00:00","og_image":[{"width":2189,"height":1107,"url":"https:\/\/www.agma.com\/wp-content\/uploads\/2020\/06\/robot-detalj_top.jpg","type":"image\/jpeg"}],"author":"jakubschenk","twitter_card":"summary_large_image","twitter_misc":{"Skriven av":"jakubschenk"},"schema":{"@context":"https:\/\/schema.org","@graph":[{"@type":"Article","@id":"https:\/\/www.agma.com\/sv\/enercity-tecknar-ramavtal-med-absolicon-om-forvarv-av-produktionslina-i-ecuador\/#article","isPartOf":{"@id":"https:\/\/www.agma.com\/sv\/enercity-tecknar-ramavtal-med-absolicon-om-forvarv-av-produktionslina-i-ecuador\/"},"author":{"name":"jakubschenk","@id":"https:\/\/www.agma.com\/sv\/#\/schema\/person\/6820b3ce1cc37edbaecc979090760d8b"},"headline":"Enercity tecknar ramavtal med Absolicon om f\u00f6rv\u00e4rv av produktionslina i Ecuador","datePublished":"2020-06-08T00:00:00+00:00","dateModified":"2020-07-21T05:49:51+00:00","mainEntityOfPage":{"@id":"https:\/\/www.agma.com\/sv\/enercity-tecknar-ramavtal-med-absolicon-om-forvarv-av-produktionslina-i-ecuador\/"},"wordCount":776,"commentCount":0,"publisher":{"@id":"https:\/\/www.agma.com\/sv\/#organization"},"image":{"@id":"https:\/\/www.agma.com\/sv\/enercity-tecknar-ramavtal-med-absolicon-om-forvarv-av-produktionslina-i-ecuador\/#primaryimage"},"thumbnailUrl":"https:\/\/www.agma.com\/wp-content\/uploads\/2020\/06\/robot-detalj_top.jpg","articleSection":["Okategoriserad"],"inLanguage":"sv-SE","potentialAction":[{"@type":"CommentAction","name":"Comment","target":["https:\/\/www.agma.com\/sv\/enercity-tecknar-ramavtal-med-absolicon-om-forvarv-av-produktionslina-i-ecuador\/#respond"]}]},{"@type":"WebPage","@id":"https:\/\/www.agma.com\/sv\/enercity-tecknar-ramavtal-med-absolicon-om-forvarv-av-produktionslina-i-ecuador\/","url":"https:\/\/www.agma.com\/sv\/enercity-tecknar-ramavtal-med-absolicon-om-forvarv-av-produktionslina-i-ecuador\/","name":"Enercity tecknar ramavtal med Absolicon om f\u00f6rv\u00e4rv av produktionslina i Ecuador - Absolicon","isPartOf":{"@id":"https:\/\/www.agma.com\/sv\/#website"},"primaryImageOfPage":{"@id":"https:\/\/www.agma.com\/sv\/enercity-tecknar-ramavtal-med-absolicon-om-forvarv-av-produktionslina-i-ecuador\/#primaryimage"},"image":{"@id":"https:\/\/www.agma.com\/sv\/enercity-tecknar-ramavtal-med-absolicon-om-forvarv-av-produktionslina-i-ecuador\/#primaryimage"},"thumbnailUrl":"https:\/\/www.agma.com\/wp-content\/uploads\/2020\/06\/robot-detalj_top.jpg","datePublished":"2020-06-08T00:00:00+00:00","dateModified":"2020-07-21T05:49:51+00:00","breadcrumb":{"@id":"https:\/\/www.agma.com\/sv\/enercity-tecknar-ramavtal-med-absolicon-om-forvarv-av-produktionslina-i-ecuador\/#breadcrumb"},"inLanguage":"sv-SE","potentialAction":[{"@type":"ReadAction","target":["https:\/\/www.agma.com\/sv\/enercity-tecknar-ramavtal-med-absolicon-om-forvarv-av-produktionslina-i-ecuador\/"]}]},{"@type":"ImageObject","inLanguage":"sv-SE","@id":"https:\/\/www.agma.com\/sv\/enercity-tecknar-ramavtal-med-absolicon-om-forvarv-av-produktionslina-i-ecuador\/#primaryimage","url":"https:\/\/www.agma.com\/wp-content\/uploads\/2020\/06\/robot-detalj_top.jpg","contentUrl":"https:\/\/www.agma.com\/wp-content\/uploads\/2020\/06\/robot-detalj_top.jpg","width":2189,"height":1107},{"@type":"BreadcrumbList","@id":"https:\/\/www.agma.com\/sv\/enercity-tecknar-ramavtal-med-absolicon-om-forvarv-av-produktionslina-i-ecuador\/#breadcrumb","itemListElement":[{"@type":"ListItem","position":1,"name":"Home","item":"https:\/\/www.agma.com\/sv\/"},{"@type":"ListItem","position":2,"name":"Enercity tecknar ramavtal med Absolicon om f\u00f6rv\u00e4rv av produktionslina i Ecuador"}]},{"@type":"WebSite","@id":"https:\/\/www.agma.com\/sv\/#website","url":"https:\/\/www.agma.com\/sv\/","name":"Absolicon","description":"","publisher":{"@id":"https:\/\/www.agma.com\/sv\/#organization"},"potentialAction":[{"@type":"SearchAction","target":{"@type":"EntryPoint","urlTemplate":"https:\/\/www.agma.com\/sv\/?s={search_term_string}"},"query-input":{"@type":"PropertyValueSpecification","valueRequired":true,"valueName":"search_term_string"}}],"inLanguage":"sv-SE"},{"@type":"Organization","@id":"https:\/\/www.agma.com\/sv\/#organization","name":"Absolicon","url":"https:\/\/www.agma.com\/sv\/","logo":{"@type":"ImageObject","inLanguage":"sv-SE","@id":"https:\/\/www.agma.com\/sv\/#\/schema\/logo\/image\/","url":"https:\/\/www.agma.com\/wp-content\/uploads\/2026\/04\/logotype_neg_blk.svg","contentUrl":"https:\/\/www.agma.com\/wp-content\/uploads\/2026\/04\/logotype_neg_blk.svg","width":705,"height":83,"caption":"Absolicon"},"image":{"@id":"https:\/\/www.agma.com\/sv\/#\/schema\/logo\/image\/"}},{"@type":"Person","@id":"https:\/\/www.agma.com\/sv\/#\/schema\/person\/6820b3ce1cc37edbaecc979090760d8b","name":"jakubschenk","image":{"@type":"ImageObject","inLanguage":"sv-SE","@id":"https:\/\/secure.gravatar.com\/avatar\/0ab843002d4a58702560e02354e5f9a3206e13bbfaa9df5a188e463870f605cd?s=96&d=mm&r=g","url":"https:\/\/secure.gravatar.com\/avatar\/0ab843002d4a58702560e02354e5f9a3206e13bbfaa9df5a188e463870f605cd?s=96&d=mm&r=g","contentUrl":"https:\/\/secure.gravatar.com\/avatar\/0ab843002d4a58702560e02354e5f9a3206e13bbfaa9df5a188e463870f605cd?s=96&d=mm&r=g","caption":"jakubschenk"},"sameAs":["https:\/\/www.agma.com"],"url":"https:\/\/www.agma.com\/sv\/author\/jakubschenk\/"}]}},"_links":{"self":[{"href":"https:\/\/www.agma.com\/sv\/wp-json\/wp\/v2\/posts\/9032","targetHints":{"allow":["GET"]}}],"collection":[{"href":"https:\/\/www.agma.com\/sv\/wp-json\/wp\/v2\/posts"}],"about":[{"href":"https:\/\/www.agma.com\/sv\/wp-json\/wp\/v2\/types\/post"}],"author":[{"embeddable":true,"href":"https:\/\/www.agma.com\/sv\/wp-json\/wp\/v2\/users\/1"}],"replies":[{"embeddable":true,"href":"https:\/\/www.agma.com\/sv\/wp-json\/wp\/v2\/comments?post=9032"}],"version-history":[{"count":1,"href":"https:\/\/www.agma.com\/sv\/wp-json\/wp\/v2\/posts\/9032\/revisions"}],"predecessor-version":[{"id":9078,"href":"https:\/\/www.agma.com\/sv\/wp-json\/wp\/v2\/posts\/9032\/revisions\/9078"}],"wp:featuredmedia":[{"embeddable":true,"href":"https:\/\/www.agma.com\/sv\/wp-json\/wp\/v2\/media\/8566"}],"wp:attachment":[{"href":"https:\/\/www.agma.com\/sv\/wp-json\/wp\/v2\/media?parent=9032"}],"wp:term":[{"taxonomy":"category","embeddable":true,"href":"https:\/\/www.agma.com\/sv\/wp-json\/wp\/v2\/categories?post=9032"},{"taxonomy":"post_tag","embeddable":true,"href":"https:\/\/www.agma.com\/sv\/wp-json\/wp\/v2\/tags?post=9032"}],"curies":[{"name":"wp","href":"https:\/\/api.w.org\/{rel}","templated":true}]}}