{"id":9033,"date":"2020-06-12T00:00:00","date_gmt":"2020-06-12T00:00:00","guid":{"rendered":"https:\/\/www.absolicon.com\/absolicon-och-climatenza-tecknar-ramavtal-om-produktionslina-i-indien\/"},"modified":"2020-08-06T09:22:15","modified_gmt":"2020-08-06T09:22:15","slug":"absolicon-och-climatenza-tecknar-ramavtal-om-produktionslina-i-indien","status":"publish","type":"post","link":"https:\/\/www.agma.com\/sv\/absolicon-och-climatenza-tecknar-ramavtal-om-produktionslina-i-indien\/","title":{"rendered":"Absolicon och Climatenza tecknar ramavtal om produktionslina i Indien"},"content":{"rendered":"<p>[ingress]Climatenza har tecknat ett ramavtal med Absolicon om f\u00f6rv\u00e4rv av en produktionslina f\u00f6r solf\u00e5ngaren T160 i norra Indien. Climatenza utg\u00e5r ifr\u00e5n New Delhi och driver projekt inom f\u00f6rnyelsebar energi f\u00f6r industrisektorn. Det totala f\u00f6rs\u00e4ljningsv\u00e4rdet som omfattas av avtalet uppskattas till 40\u201350 miljoner kronor plus m\u00e5natlig licensavgift om 4% och f\u00f6rs\u00e4ljning av komponenter. Ramavtalet f\u00f6reskriver principerna f\u00f6r de separata avtal som skall uppr\u00e4ttas.[\/ingress]<\/p>\n<h2>Inneh\u00e5ll i ramavtalet<\/h2>\n<p>Ramavtalet beskriver de separata avtal som skall uppr\u00e4ttas i processen. Absolicons int\u00e4kter fr\u00e5n f\u00f6rs\u00e4ljningen kan inordnas i tre grupper: f\u00f6rv\u00e4rv av linan, licensint\u00e4kter och int\u00e4kter fr\u00e5n materialf\u00f6rs\u00e4ljning.<\/p>\n<p><strong>1. F\u00f6rs\u00e4ljning av produktionslinan<\/strong><\/p>\n<p>Produktionslinan \u00e4r av samma modell som Absolicon har i Sverige och som bolaget redan levererat till Sichuanprovinsen. Linan med tv\u00e5 sexaxliga robotar har kapacitet att tillverka 50 MW solf\u00e5ngare (100 000 m2) per \u00e5r. Tillsammans med h\u00e5rdvaran levererar Absolicon konsultst\u00f6d f\u00f6r marknadsarbete och teknisk support, utveckling och teknisk utbildning.<\/p>\n<p>Det totala v\u00e4rdet av h\u00e5rdvara och aktiviteter som omfattas av avtalet uppskattas till 40\u201350 miljoner kronor.<\/p>\n<p><strong>2. Licens f\u00f6r att tillverka T160<\/strong><\/p>\n<p>F\u00f6r r\u00e4ttigheten att tillverka T160 under Absolicons immaterialr\u00e4ttsliga skydd, ta del av framtida produktutveckling och anv\u00e4nda Absolicons varum\u00e4rke utg\u00e5r m\u00e5natlig licensavgift om ca 4% p\u00e5 f\u00f6rs\u00e4ljningsv\u00e4rdet.<\/p>\n<p>Produktionslinan i full produktion tillverkar p\u00e5 ett skift 50 MW solf\u00e5ngare (100 000 m2) per \u00e5r med f\u00f6rs\u00e4ljningsv\u00e4rde 200\u2013250 miljoner kronor vilket med 4% licensavgift skulle inneb\u00e4ra ca 8 miljoner kronor per \u00e5r i licensint\u00e4kt. Absolicons uppskattning \u00e4r dock att det tar tid innan Climatenza utvecklat solv\u00e4rmemarknaden f\u00f6r industrier i regionen s\u00e5 att de volymerna kan uppn\u00e5s.<\/p>\n<p><strong>3. Materialf\u00f6rs\u00f6rjning<\/strong><\/p>\n<p>Genom avtalet s\u00e4kerst\u00e4ller Absolicon tillg\u00e5ng p\u00e5 patenterade komponenter och insatsvaror av h\u00f6g kvalit\u00e9 som delvis tillverkas i Indien eller lokalt vid installationsplatsen.<\/p>\n<p>Vid full produktion beh\u00f6ver produktionslinan k\u00f6pa material f\u00f6r 100\u2013150 miljoner kronor per \u00e5r d\u00e4r 30 % &#8211; 40 % av ink\u00f6pen kan komma att g\u00e5 genom Absolicon och 60 % &#8211; 70 % fr\u00e5n lokala underleverant\u00f6rer. Utfallet f\u00f6r Absolicon beror i viss utstr\u00e4ckning p\u00e5 resultatet av Absolicons p\u00e5g\u00e5ende materialsatsning.<\/p>\n<h2>Ramavtalet beskriver \u00f6vergripande principer<\/h2>\n<p>Ramavtalet f\u00f6reskriver de \u00f6vergripande principerna f\u00f6r de separata avtal som skall uppr\u00e4ttas, och vilka steg som skall tas innan ett bindande avtal f\u00f6r f\u00f6rv\u00e4rv av produktionslinan kan tecknas. Det uppskattade v\u00e4rdet kan komma att \u00e4ndras liksom slutgiltig utformning av produktionslinans produktionskapacitet. Absolicon uppskattar idag att f\u00f6rs\u00e4ljningsv\u00e4rdet av avtalet ligger i nedre delen av intervallet 40-50 miljoner kronor.<\/p>\n<p>Om Climatenza inte uppfyller sina \u00e5taganden i varje steg f\u00f6rlorar de r\u00e4tten att genomf\u00f6ra f\u00f6rv\u00e4rvet och har d\u00e5 m\u00f6jlighet att f\u00e5 tillbaka en del av k\u00f6peskillingen, dock aldrig f\u00f6r Absolicons havda kostnader.<\/p>\n<h2><strong>Marknadspotential<\/strong><\/h2>\n<p><strong><\/strong>Produktionslinan \u00e4r planeras i norra Indien som rymmer m\u00e5nga platser med mycket h\u00f6g solinstr\u00e5lning. Den potentiella marknaden i Indien, f\u00f6r en produktionslina som producerar Absolicons solf\u00e5ngare T160 uppstiger till 3 000 miljoner kvadratmeter, motsvarande 540 miljoner solf\u00e5ngare eller 2 000 TWth (42% kol, 15% olja), vilket skulle minska landets CO<sub>2<\/sub>-utsl\u00e4pp fr\u00e5n industrin med upp till 40 % n\u00e4r olja ers\u00e4tts som br\u00e4nsle (k\u00e4lla: Internationella energir\u00e5det).<strong><\/strong><\/p>\n<p>Samarbetet bygger p\u00e5 Climatenzas etablerade kontakter i delstaten och \u00f6vriga Indien samt p\u00e5 f\u00f6retagets expertis inom v\u00e4rmelagring och forskningssamarbeten. Climatenza bedriver bland annat forskningsprojekt i Indien f\u00f6r att utveckla ny lagringsteknik f\u00f6r termisk v\u00e4rme som kan integreras med solkoncentratorer, likt Absolicons T160.<\/p>\n<p>St\u00f6rsta marknadssegment f\u00f6r Absolicons solf\u00e5ngarteknik i regionen \u00e4r:<\/p>\n<ul>\n<li>Textilindustrin<\/li>\n<li>Mejeriindustrin<\/li>\n<li>Mat- och dryckesindustrin<\/li>\n<li>Kemikaleindustrin<\/li>\n<li>Bilindustrin<\/li>\n<\/ul>\n<h2>N\u00e4sta steg<\/h2>\n<p>Kontakten med Climatenza har p\u00e5g\u00e5tt sedan 2018 och efter att de unders\u00f6kt marknaden under ca ett \u00e5r \u00e4r de nu redo att ta n\u00e4sta steg och underteckna ett ramavtal med Absolicon. Diskussioner har just inletts om de f\u00f6rsta pilotinstallationerna av T160 i norra Indien. Nu sker mer detaljerad kontraktsskrivning. Betalning sker steg f\u00f6r steg p\u00e5 samma s\u00e4tt som vid den tidigare f\u00f6rs\u00e4ljningen av produktionslinan till provinsen Sichuan.<\/p>\n<p><a title=\"Kontakta oss\" href=\"https:\/\/www.agma.comom-absolicon\/kontakt\/\">Kontakt: Joakim Bystr\u00f6m, vd Absolicon<\/a><\/p>\n<p><em>Denna information \u00e4r s\u00e5dan information som Absolicon Solar Collector AB \u00e4r skyldigt att offentligg\u00f6ra enligt EU:s marknadsmissbruksf\u00f6rordning. Informationen l\u00e4mnades, genom ovanst\u00e5ende kontaktpersons f\u00f6rsorg, f\u00f6r offentligg\u00f6rande den 12 juni 2020.<\/em><em><\/em><\/p>\n<p>&nbsp;<\/p>\n","protected":false},"excerpt":{"rendered":"<p>[ingress]Climatenza har tecknat ett ramavtal med Absolicon om f\u00f6rv\u00e4rv av en produktionslina f\u00f6r solf\u00e5ngaren T160 i norra Indien. Climatenza utg\u00e5r ifr\u00e5n New Delhi och driver projekt inom f\u00f6rnyelsebar energi f\u00f6r industrisektorn. Det totala f\u00f6rs\u00e4ljningsv\u00e4rdet som omfattas av avtalet uppskattas till 40\u201350 miljoner kronor plus m\u00e5natlig licensavgift om 4% och f\u00f6rs\u00e4ljning av komponenter. Ramavtalet f\u00f6reskriver principerna [&hellip;]<\/p>\n","protected":false},"author":1,"featured_media":9073,"comment_status":"open","ping_status":"open","sticky":false,"template":"","format":"standard","meta":{"_acf_changed":false,"footnotes":""},"categories":[2],"tags":[],"class_list":["post-9033","post","type-post","status-publish","format-standard","has-post-thumbnail","hentry","category-okategoriserad"],"acf":[],"yoast_head":"<!-- This site is optimized with the Yoast SEO plugin v27.4 - https:\/\/yoast.com\/product\/yoast-seo-wordpress\/ -->\n<title>Absolicon och Climatenza tecknar ramavtal om produktionslina i Indien - Absolicon<\/title>\n<meta name=\"robots\" content=\"index, follow, max-snippet:-1, max-image-preview:large, max-video-preview:-1\" \/>\n<link rel=\"canonical\" href=\"https:\/\/www.agma.com\/sv\/absolicon-och-climatenza-tecknar-ramavtal-om-produktionslina-i-indien\/\" \/>\n<meta property=\"og:locale\" content=\"sv_SE\" \/>\n<meta property=\"og:type\" content=\"article\" \/>\n<meta property=\"og:title\" content=\"Absolicon och Climatenza tecknar ramavtal om produktionslina i Indien - Absolicon\" \/>\n<meta property=\"og:description\" content=\"[ingress]Climatenza har tecknat ett ramavtal med Absolicon om f\u00f6rv\u00e4rv av en produktionslina f\u00f6r solf\u00e5ngaren T160 i norra Indien. Climatenza utg\u00e5r ifr\u00e5n New Delhi och driver projekt inom f\u00f6rnyelsebar energi f\u00f6r industrisektorn. Det totala f\u00f6rs\u00e4ljningsv\u00e4rdet som omfattas av avtalet uppskattas till 40\u201350 miljoner kronor plus m\u00e5natlig licensavgift om 4% och f\u00f6rs\u00e4ljning av komponenter. Ramavtalet f\u00f6reskriver principerna [&hellip;]\" \/>\n<meta property=\"og:url\" content=\"https:\/\/www.agma.com\/sv\/absolicon-och-climatenza-tecknar-ramavtal-om-produktionslina-i-indien\/\" \/>\n<meta property=\"og:site_name\" content=\"Absolicon\" \/>\n<meta property=\"article:published_time\" content=\"2020-06-12T00:00:00+00:00\" \/>\n<meta property=\"article:modified_time\" content=\"2020-08-06T09:22:15+00:00\" \/>\n<meta property=\"og:image\" content=\"https:\/\/www.agma.com\/wp-content\/uploads\/2020\/06\/75525ef48afce145338f261160e7c9.jpg\" \/>\n\t<meta property=\"og:image:width\" content=\"720\" \/>\n\t<meta property=\"og:image:height\" content=\"250\" \/>\n\t<meta property=\"og:image:type\" content=\"image\/jpeg\" \/>\n<meta name=\"author\" content=\"jakubschenk\" \/>\n<meta name=\"twitter:card\" content=\"summary_large_image\" \/>\n<meta name=\"twitter:label1\" content=\"Skriven av\" \/>\n\t<meta name=\"twitter:data1\" content=\"jakubschenk\" \/>\n<script type=\"application\/ld+json\" class=\"yoast-schema-graph\">{\"@context\":\"https:\\\/\\\/schema.org\",\"@graph\":[{\"@type\":\"Article\",\"@id\":\"https:\\\/\\\/www.agma.com\\\/sv\\\/absolicon-och-climatenza-tecknar-ramavtal-om-produktionslina-i-indien\\\/#article\",\"isPartOf\":{\"@id\":\"https:\\\/\\\/www.agma.com\\\/sv\\\/absolicon-och-climatenza-tecknar-ramavtal-om-produktionslina-i-indien\\\/\"},\"author\":{\"name\":\"jakubschenk\",\"@id\":\"https:\\\/\\\/www.agma.com\\\/sv\\\/#\\\/schema\\\/person\\\/6820b3ce1cc37edbaecc979090760d8b\"},\"headline\":\"Absolicon och Climatenza tecknar ramavtal om produktionslina i Indien\",\"datePublished\":\"2020-06-12T00:00:00+00:00\",\"dateModified\":\"2020-08-06T09:22:15+00:00\",\"mainEntityOfPage\":{\"@id\":\"https:\\\/\\\/www.agma.com\\\/sv\\\/absolicon-och-climatenza-tecknar-ramavtal-om-produktionslina-i-indien\\\/\"},\"wordCount\":752,\"commentCount\":0,\"publisher\":{\"@id\":\"https:\\\/\\\/www.agma.com\\\/sv\\\/#organization\"},\"image\":{\"@id\":\"https:\\\/\\\/www.agma.com\\\/sv\\\/absolicon-och-climatenza-tecknar-ramavtal-om-produktionslina-i-indien\\\/#primaryimage\"},\"thumbnailUrl\":\"https:\\\/\\\/www.agma.com\\\/wp-content\\\/uploads\\\/2020\\\/06\\\/75525ef48afce145338f261160e7c9.jpg\",\"articleSection\":[\"Okategoriserad\"],\"inLanguage\":\"sv-SE\",\"potentialAction\":[{\"@type\":\"CommentAction\",\"name\":\"Comment\",\"target\":[\"https:\\\/\\\/www.agma.com\\\/sv\\\/absolicon-och-climatenza-tecknar-ramavtal-om-produktionslina-i-indien\\\/#respond\"]}]},{\"@type\":\"WebPage\",\"@id\":\"https:\\\/\\\/www.agma.com\\\/sv\\\/absolicon-och-climatenza-tecknar-ramavtal-om-produktionslina-i-indien\\\/\",\"url\":\"https:\\\/\\\/www.agma.com\\\/sv\\\/absolicon-och-climatenza-tecknar-ramavtal-om-produktionslina-i-indien\\\/\",\"name\":\"Absolicon och Climatenza tecknar ramavtal om produktionslina i Indien - Absolicon\",\"isPartOf\":{\"@id\":\"https:\\\/\\\/www.agma.com\\\/sv\\\/#website\"},\"primaryImageOfPage\":{\"@id\":\"https:\\\/\\\/www.agma.com\\\/sv\\\/absolicon-och-climatenza-tecknar-ramavtal-om-produktionslina-i-indien\\\/#primaryimage\"},\"image\":{\"@id\":\"https:\\\/\\\/www.agma.com\\\/sv\\\/absolicon-och-climatenza-tecknar-ramavtal-om-produktionslina-i-indien\\\/#primaryimage\"},\"thumbnailUrl\":\"https:\\\/\\\/www.agma.com\\\/wp-content\\\/uploads\\\/2020\\\/06\\\/75525ef48afce145338f261160e7c9.jpg\",\"datePublished\":\"2020-06-12T00:00:00+00:00\",\"dateModified\":\"2020-08-06T09:22:15+00:00\",\"breadcrumb\":{\"@id\":\"https:\\\/\\\/www.agma.com\\\/sv\\\/absolicon-och-climatenza-tecknar-ramavtal-om-produktionslina-i-indien\\\/#breadcrumb\"},\"inLanguage\":\"sv-SE\",\"potentialAction\":[{\"@type\":\"ReadAction\",\"target\":[\"https:\\\/\\\/www.agma.com\\\/sv\\\/absolicon-och-climatenza-tecknar-ramavtal-om-produktionslina-i-indien\\\/\"]}]},{\"@type\":\"ImageObject\",\"inLanguage\":\"sv-SE\",\"@id\":\"https:\\\/\\\/www.agma.com\\\/sv\\\/absolicon-och-climatenza-tecknar-ramavtal-om-produktionslina-i-indien\\\/#primaryimage\",\"url\":\"https:\\\/\\\/www.agma.com\\\/wp-content\\\/uploads\\\/2020\\\/06\\\/75525ef48afce145338f261160e7c9.jpg\",\"contentUrl\":\"https:\\\/\\\/www.agma.com\\\/wp-content\\\/uploads\\\/2020\\\/06\\\/75525ef48afce145338f261160e7c9.jpg\",\"width\":720,\"height\":250},{\"@type\":\"BreadcrumbList\",\"@id\":\"https:\\\/\\\/www.agma.com\\\/sv\\\/absolicon-och-climatenza-tecknar-ramavtal-om-produktionslina-i-indien\\\/#breadcrumb\",\"itemListElement\":[{\"@type\":\"ListItem\",\"position\":1,\"name\":\"Home\",\"item\":\"https:\\\/\\\/www.agma.com\\\/sv\\\/\"},{\"@type\":\"ListItem\",\"position\":2,\"name\":\"Absolicon och Climatenza tecknar ramavtal om produktionslina i Indien\"}]},{\"@type\":\"WebSite\",\"@id\":\"https:\\\/\\\/www.agma.com\\\/sv\\\/#website\",\"url\":\"https:\\\/\\\/www.agma.com\\\/sv\\\/\",\"name\":\"Absolicon\",\"description\":\"\",\"publisher\":{\"@id\":\"https:\\\/\\\/www.agma.com\\\/sv\\\/#organization\"},\"potentialAction\":[{\"@type\":\"SearchAction\",\"target\":{\"@type\":\"EntryPoint\",\"urlTemplate\":\"https:\\\/\\\/www.agma.com\\\/sv\\\/?s={search_term_string}\"},\"query-input\":{\"@type\":\"PropertyValueSpecification\",\"valueRequired\":true,\"valueName\":\"search_term_string\"}}],\"inLanguage\":\"sv-SE\"},{\"@type\":\"Organization\",\"@id\":\"https:\\\/\\\/www.agma.com\\\/sv\\\/#organization\",\"name\":\"Absolicon\",\"url\":\"https:\\\/\\\/www.agma.com\\\/sv\\\/\",\"logo\":{\"@type\":\"ImageObject\",\"inLanguage\":\"sv-SE\",\"@id\":\"https:\\\/\\\/www.agma.com\\\/sv\\\/#\\\/schema\\\/logo\\\/image\\\/\",\"url\":\"https:\\\/\\\/www.agma.com\\\/wp-content\\\/uploads\\\/2026\\\/04\\\/logotype_neg_blk.svg\",\"contentUrl\":\"https:\\\/\\\/www.agma.com\\\/wp-content\\\/uploads\\\/2026\\\/04\\\/logotype_neg_blk.svg\",\"width\":705,\"height\":83,\"caption\":\"Absolicon\"},\"image\":{\"@id\":\"https:\\\/\\\/www.agma.com\\\/sv\\\/#\\\/schema\\\/logo\\\/image\\\/\"}},{\"@type\":\"Person\",\"@id\":\"https:\\\/\\\/www.agma.com\\\/sv\\\/#\\\/schema\\\/person\\\/6820b3ce1cc37edbaecc979090760d8b\",\"name\":\"jakubschenk\",\"image\":{\"@type\":\"ImageObject\",\"inLanguage\":\"sv-SE\",\"@id\":\"https:\\\/\\\/secure.gravatar.com\\\/avatar\\\/0ab843002d4a58702560e02354e5f9a3206e13bbfaa9df5a188e463870f605cd?s=96&d=mm&r=g\",\"url\":\"https:\\\/\\\/secure.gravatar.com\\\/avatar\\\/0ab843002d4a58702560e02354e5f9a3206e13bbfaa9df5a188e463870f605cd?s=96&d=mm&r=g\",\"contentUrl\":\"https:\\\/\\\/secure.gravatar.com\\\/avatar\\\/0ab843002d4a58702560e02354e5f9a3206e13bbfaa9df5a188e463870f605cd?s=96&d=mm&r=g\",\"caption\":\"jakubschenk\"},\"sameAs\":[\"https:\\\/\\\/www.agma.com\"],\"url\":\"https:\\\/\\\/www.agma.com\\\/sv\\\/author\\\/jakubschenk\\\/\"}]}<\/script>\n<!-- \/ Yoast SEO plugin. -->","yoast_head_json":{"title":"Absolicon och Climatenza tecknar ramavtal om produktionslina i Indien - Absolicon","robots":{"index":"index","follow":"follow","max-snippet":"max-snippet:-1","max-image-preview":"max-image-preview:large","max-video-preview":"max-video-preview:-1"},"canonical":"https:\/\/www.agma.com\/sv\/absolicon-och-climatenza-tecknar-ramavtal-om-produktionslina-i-indien\/","og_locale":"sv_SE","og_type":"article","og_title":"Absolicon och Climatenza tecknar ramavtal om produktionslina i Indien - Absolicon","og_description":"[ingress]Climatenza har tecknat ett ramavtal med Absolicon om f\u00f6rv\u00e4rv av en produktionslina f\u00f6r solf\u00e5ngaren T160 i norra Indien. Climatenza utg\u00e5r ifr\u00e5n New Delhi och driver projekt inom f\u00f6rnyelsebar energi f\u00f6r industrisektorn. Det totala f\u00f6rs\u00e4ljningsv\u00e4rdet som omfattas av avtalet uppskattas till 40\u201350 miljoner kronor plus m\u00e5natlig licensavgift om 4% och f\u00f6rs\u00e4ljning av komponenter. Ramavtalet f\u00f6reskriver principerna [&hellip;]","og_url":"https:\/\/www.agma.com\/sv\/absolicon-och-climatenza-tecknar-ramavtal-om-produktionslina-i-indien\/","og_site_name":"Absolicon","article_published_time":"2020-06-12T00:00:00+00:00","article_modified_time":"2020-08-06T09:22:15+00:00","og_image":[{"width":720,"height":250,"url":"https:\/\/www.agma.com\/wp-content\/uploads\/2020\/06\/75525ef48afce145338f261160e7c9.jpg","type":"image\/jpeg"}],"author":"jakubschenk","twitter_card":"summary_large_image","twitter_misc":{"Skriven av":"jakubschenk"},"schema":{"@context":"https:\/\/schema.org","@graph":[{"@type":"Article","@id":"https:\/\/www.agma.com\/sv\/absolicon-och-climatenza-tecknar-ramavtal-om-produktionslina-i-indien\/#article","isPartOf":{"@id":"https:\/\/www.agma.com\/sv\/absolicon-och-climatenza-tecknar-ramavtal-om-produktionslina-i-indien\/"},"author":{"name":"jakubschenk","@id":"https:\/\/www.agma.com\/sv\/#\/schema\/person\/6820b3ce1cc37edbaecc979090760d8b"},"headline":"Absolicon och Climatenza tecknar ramavtal om produktionslina i Indien","datePublished":"2020-06-12T00:00:00+00:00","dateModified":"2020-08-06T09:22:15+00:00","mainEntityOfPage":{"@id":"https:\/\/www.agma.com\/sv\/absolicon-och-climatenza-tecknar-ramavtal-om-produktionslina-i-indien\/"},"wordCount":752,"commentCount":0,"publisher":{"@id":"https:\/\/www.agma.com\/sv\/#organization"},"image":{"@id":"https:\/\/www.agma.com\/sv\/absolicon-och-climatenza-tecknar-ramavtal-om-produktionslina-i-indien\/#primaryimage"},"thumbnailUrl":"https:\/\/www.agma.com\/wp-content\/uploads\/2020\/06\/75525ef48afce145338f261160e7c9.jpg","articleSection":["Okategoriserad"],"inLanguage":"sv-SE","potentialAction":[{"@type":"CommentAction","name":"Comment","target":["https:\/\/www.agma.com\/sv\/absolicon-och-climatenza-tecknar-ramavtal-om-produktionslina-i-indien\/#respond"]}]},{"@type":"WebPage","@id":"https:\/\/www.agma.com\/sv\/absolicon-och-climatenza-tecknar-ramavtal-om-produktionslina-i-indien\/","url":"https:\/\/www.agma.com\/sv\/absolicon-och-climatenza-tecknar-ramavtal-om-produktionslina-i-indien\/","name":"Absolicon och Climatenza tecknar ramavtal om produktionslina i Indien - Absolicon","isPartOf":{"@id":"https:\/\/www.agma.com\/sv\/#website"},"primaryImageOfPage":{"@id":"https:\/\/www.agma.com\/sv\/absolicon-och-climatenza-tecknar-ramavtal-om-produktionslina-i-indien\/#primaryimage"},"image":{"@id":"https:\/\/www.agma.com\/sv\/absolicon-och-climatenza-tecknar-ramavtal-om-produktionslina-i-indien\/#primaryimage"},"thumbnailUrl":"https:\/\/www.agma.com\/wp-content\/uploads\/2020\/06\/75525ef48afce145338f261160e7c9.jpg","datePublished":"2020-06-12T00:00:00+00:00","dateModified":"2020-08-06T09:22:15+00:00","breadcrumb":{"@id":"https:\/\/www.agma.com\/sv\/absolicon-och-climatenza-tecknar-ramavtal-om-produktionslina-i-indien\/#breadcrumb"},"inLanguage":"sv-SE","potentialAction":[{"@type":"ReadAction","target":["https:\/\/www.agma.com\/sv\/absolicon-och-climatenza-tecknar-ramavtal-om-produktionslina-i-indien\/"]}]},{"@type":"ImageObject","inLanguage":"sv-SE","@id":"https:\/\/www.agma.com\/sv\/absolicon-och-climatenza-tecknar-ramavtal-om-produktionslina-i-indien\/#primaryimage","url":"https:\/\/www.agma.com\/wp-content\/uploads\/2020\/06\/75525ef48afce145338f261160e7c9.jpg","contentUrl":"https:\/\/www.agma.com\/wp-content\/uploads\/2020\/06\/75525ef48afce145338f261160e7c9.jpg","width":720,"height":250},{"@type":"BreadcrumbList","@id":"https:\/\/www.agma.com\/sv\/absolicon-och-climatenza-tecknar-ramavtal-om-produktionslina-i-indien\/#breadcrumb","itemListElement":[{"@type":"ListItem","position":1,"name":"Home","item":"https:\/\/www.agma.com\/sv\/"},{"@type":"ListItem","position":2,"name":"Absolicon och Climatenza tecknar ramavtal om produktionslina i Indien"}]},{"@type":"WebSite","@id":"https:\/\/www.agma.com\/sv\/#website","url":"https:\/\/www.agma.com\/sv\/","name":"Absolicon","description":"","publisher":{"@id":"https:\/\/www.agma.com\/sv\/#organization"},"potentialAction":[{"@type":"SearchAction","target":{"@type":"EntryPoint","urlTemplate":"https:\/\/www.agma.com\/sv\/?s={search_term_string}"},"query-input":{"@type":"PropertyValueSpecification","valueRequired":true,"valueName":"search_term_string"}}],"inLanguage":"sv-SE"},{"@type":"Organization","@id":"https:\/\/www.agma.com\/sv\/#organization","name":"Absolicon","url":"https:\/\/www.agma.com\/sv\/","logo":{"@type":"ImageObject","inLanguage":"sv-SE","@id":"https:\/\/www.agma.com\/sv\/#\/schema\/logo\/image\/","url":"https:\/\/www.agma.com\/wp-content\/uploads\/2026\/04\/logotype_neg_blk.svg","contentUrl":"https:\/\/www.agma.com\/wp-content\/uploads\/2026\/04\/logotype_neg_blk.svg","width":705,"height":83,"caption":"Absolicon"},"image":{"@id":"https:\/\/www.agma.com\/sv\/#\/schema\/logo\/image\/"}},{"@type":"Person","@id":"https:\/\/www.agma.com\/sv\/#\/schema\/person\/6820b3ce1cc37edbaecc979090760d8b","name":"jakubschenk","image":{"@type":"ImageObject","inLanguage":"sv-SE","@id":"https:\/\/secure.gravatar.com\/avatar\/0ab843002d4a58702560e02354e5f9a3206e13bbfaa9df5a188e463870f605cd?s=96&d=mm&r=g","url":"https:\/\/secure.gravatar.com\/avatar\/0ab843002d4a58702560e02354e5f9a3206e13bbfaa9df5a188e463870f605cd?s=96&d=mm&r=g","contentUrl":"https:\/\/secure.gravatar.com\/avatar\/0ab843002d4a58702560e02354e5f9a3206e13bbfaa9df5a188e463870f605cd?s=96&d=mm&r=g","caption":"jakubschenk"},"sameAs":["https:\/\/www.agma.com"],"url":"https:\/\/www.agma.com\/sv\/author\/jakubschenk\/"}]}},"_links":{"self":[{"href":"https:\/\/www.agma.com\/sv\/wp-json\/wp\/v2\/posts\/9033","targetHints":{"allow":["GET"]}}],"collection":[{"href":"https:\/\/www.agma.com\/sv\/wp-json\/wp\/v2\/posts"}],"about":[{"href":"https:\/\/www.agma.com\/sv\/wp-json\/wp\/v2\/types\/post"}],"author":[{"embeddable":true,"href":"https:\/\/www.agma.com\/sv\/wp-json\/wp\/v2\/users\/1"}],"replies":[{"embeddable":true,"href":"https:\/\/www.agma.com\/sv\/wp-json\/wp\/v2\/comments?post=9033"}],"version-history":[{"count":1,"href":"https:\/\/www.agma.com\/sv\/wp-json\/wp\/v2\/posts\/9033\/revisions"}],"predecessor-version":[{"id":9076,"href":"https:\/\/www.agma.com\/sv\/wp-json\/wp\/v2\/posts\/9033\/revisions\/9076"}],"wp:featuredmedia":[{"embeddable":true,"href":"https:\/\/www.agma.com\/sv\/wp-json\/wp\/v2\/media\/9073"}],"wp:attachment":[{"href":"https:\/\/www.agma.com\/sv\/wp-json\/wp\/v2\/media?parent=9033"}],"wp:term":[{"taxonomy":"category","embeddable":true,"href":"https:\/\/www.agma.com\/sv\/wp-json\/wp\/v2\/categories?post=9033"},{"taxonomy":"post_tag","embeddable":true,"href":"https:\/\/www.agma.com\/sv\/wp-json\/wp\/v2\/tags?post=9033"}],"curies":[{"name":"wp","href":"https:\/\/api.w.org\/{rel}","templated":true}]}}