{"id":9519,"date":"2020-08-27T18:45:00","date_gmt":"2020-08-27T18:45:00","guid":{"rendered":"https:\/\/www.absolicon.com\/absolicon-deltar-i-den-svenska-paviljongen-under-varldsutstallningen-expo-2020-i-dubai\/"},"modified":"2020-09-03T12:12:43","modified_gmt":"2020-09-03T12:12:43","slug":"absolicon-deltar-i-den-svenska-paviljongen-under-varldsutstallningen-expo-2020-i-dubai","status":"publish","type":"post","link":"https:\/\/www.agma.com\/sv\/absolicon-deltar-i-den-svenska-paviljongen-under-varldsutstallningen-expo-2020-i-dubai\/","title":{"rendered":"Absolicon deltar i den svenska paviljongen under v\u00e4rldsutst\u00e4llningen Expo 2020 i Dubai"},"content":{"rendered":"<p><span style=\"font-size: 11pt;\"><span style=\"font-family: arial,helvetica,sans-serif;\">Drygt h\u00e4lften av v\u00e4rldens energibehov \u00e4r i form av v\u00e4rme. V\u00e4rmen anv\u00e4nds bland annat f\u00f6r att v\u00e4rma v\u00e5ra bost\u00e4der och i industriella processer. Idag produceras en stor del av denna v\u00e4rme med hj\u00e4lp av fossila br\u00e4nslen med stor negativ milj\u00f6p\u00e5verkan som f\u00f6ljd. Samtidigt \u00f6kar v\u00e4rldens energif\u00f6rbrukning snabbt n\u00e4r levnadsstandarden blir b\u00e4ttre f\u00f6r miljarder m\u00e4nniskor i utvecklingsl\u00e4nderna. F\u00f6r att s\u00e4kerst\u00e4lla att de f\u00e5r samma privilegier som vi har idag m\u00e5ste deras energibehov tillgodoses p\u00e5 ett h\u00e5llbart s\u00e4tt. <\/span><\/span><\/p>\n<p><span style=\"font-size: 11pt;\"><span style=\"font-family: arial,helvetica,sans-serif;\">Absolicon har som m\u00e5l att vara en ledande del av \u00f6verg\u00e5ngen till f\u00f6rnybar energi och en h\u00e5llbar industri. Solf\u00e5ngaren Absolicon T160 producerar v\u00e4rme och \u00e5nga upp till 160 grader till industrier och fj\u00e4rrv\u00e4rme direkt fr\u00e5n solen.<\/span><\/span><\/p>\n<p><span style=\"font-size: 11pt;\"><span style=\"font-family: arial,helvetica,sans-serif;\">Under Expo 2020 i Dubai kommer Absolicon att f\u00f6rse den svenska paviljongen med hela dess v\u00e4rmebehov. Genom att integrera tv\u00e5 lagringstankar kommer solv\u00e4rme att anv\u00e4ndas \u00e4ven under de timmar d\u00e5 solen inte \u00e4r uppe.<\/span><\/span><\/p>\n<p><span style=\"font-size: 11pt;\"><span style=\"font-family: arial,helvetica,sans-serif;\">&#8211; Det \u00e4r otroligt roligt att lyftas fram som en av de stora h\u00e5llbarhetsinnovationerna i v\u00e5rt land och \u00e4r en chans att visa p\u00e5 att vi som svenskt f\u00f6retag ligger i framkant av utvecklingen kring solgenerad v\u00e4rme till fastigheter, fj\u00e4rrv\u00e4rme och industri. V\u00e5r solf\u00e5ngare har en optisk verkningsgrad p\u00e5 \u00f6ver 76 % vilket g\u00f6r att den p\u00e5 ett mycket effektivt s\u00e4tt och som enda solf\u00e5ngare i v\u00e4rlden kan ta till vara p\u00e5 en majoritet av solinstr\u00e5lningen och f\u00f6ra den vidare till diverse v\u00e4rmeprocesser i hus och industrier, s\u00e4ger Joakim Bystr\u00f6m, vd Absolicon.<\/span><\/span><\/p>\n<p><img fetchpriority=\"high\" decoding=\"async\" class=\"alignnone size-full wp-image-9611\" src=\"https:\/\/www.agma.com\/wp-content\/uploads\/2020\/08\/The-Forest-Photo-Alessandro-Ripellino-ArkitekterStudio-Adrien-GardereLuigi-Pardo-Architetti.jpg\" alt=\"\" width=\"2181\" height=\"1543\" srcset=\"https:\/\/www.agma.com\/wp-content\/uploads\/2020\/08\/The-Forest-Photo-Alessandro-Ripellino-ArkitekterStudio-Adrien-GardereLuigi-Pardo-Architetti.jpg 2181w, https:\/\/www.agma.com\/wp-content\/uploads\/2020\/08\/The-Forest-Photo-Alessandro-Ripellino-ArkitekterStudio-Adrien-GardereLuigi-Pardo-Architetti-300x212.jpg 300w, https:\/\/www.agma.com\/wp-content\/uploads\/2020\/08\/The-Forest-Photo-Alessandro-Ripellino-ArkitekterStudio-Adrien-GardereLuigi-Pardo-Architetti-1024x724.jpg 1024w, https:\/\/www.agma.com\/wp-content\/uploads\/2020\/08\/The-Forest-Photo-Alessandro-Ripellino-ArkitekterStudio-Adrien-GardereLuigi-Pardo-Architetti-768x543.jpg 768w, https:\/\/www.agma.com\/wp-content\/uploads\/2020\/08\/The-Forest-Photo-Alessandro-Ripellino-ArkitekterStudio-Adrien-GardereLuigi-Pardo-Architetti-1536x1087.jpg 1536w, https:\/\/www.agma.com\/wp-content\/uploads\/2020\/08\/The-Forest-Photo-Alessandro-Ripellino-ArkitekterStudio-Adrien-GardereLuigi-Pardo-Architetti-2048x1449.jpg 2048w\" sizes=\"(max-width: 2181px) 100vw, 2181px\" \/><\/p>\n<p style=\"margin-bottom: 11px;\"><span style=\"font-size: 11pt;\"><span style=\"line-height: 107%;\"><strong><span style=\"font-family: arial,helvetica,sans-serif;\">V\u00e4rldsutst\u00e4llningen Expo 2020 i Dubai<\/span><\/strong><\/span><\/span><\/p>\n<p style=\"margin-bottom: 11px;\"><span style=\"font-size: 11pt;\"><span style=\"line-height: 107%;\"><span style=\"font-family: arial,helvetica,sans-serif;\">V\u00e4rldsutst\u00e4llningar\u00a0\u00e4r en av de \u00e4ldsta och st\u00f6rsta internationella evenemangen p\u00e5 planeten, som \u00e4ger rum vart femte \u00e5r och varar sex m\u00e5nader. Det \u00e4r en festival f\u00f6r alla, d\u00e4r alla kan uppleva, utforska, f\u00f6rnya och ha kul genom att dela id\u00e9er och arbeta tillsammans.<\/span><\/span><\/span><\/p>\n<p style=\"margin-bottom: 11px;\"><span style=\"font-size: 11pt;\"><span style=\"line-height: 107%;\"><span style=\"font-family: arial,helvetica,sans-serif;\">Expo 2020 i Dubai kommer att bli den f\u00f6rsta v\u00e4rldsutst\u00e4llningen n\u00e5gonsin i Mellan\u00f6stern, Afrika och Sydasien (MEASA) -regionen. Temat f\u00f6r Expo 2020 \u00e4r Connecting Minds, Creating the Future och ska visa upp de b\u00e4sta exemplen p\u00e5 samarbete, innovation och samarbete fr\u00e5n hela v\u00e4rlden. <\/span><\/span><\/span><\/p>\n<p style=\"margin-bottom: 11px;\"><span style=\"font-size: 11pt;\"><span style=\"line-height: 107%;\"><span style=\"font-family: arial,helvetica,sans-serif;\">Byggnadsomr\u00e5det f\u00f6r den svenska paviljongen, som d\u00f6pts till \u2019The Forest\u2019, \u00e4r 2370\u00a0kvadratmeter. Med de tydliga m\u00e5len f\u00f6r att fr\u00e4mja bilden av Sverige utomlands, handel och investeringar, kommer det svenska deltagandet att bjuda in allm\u00e4nheten, aff\u00e4rsbes\u00f6kare och myndighetsinitiativ f\u00f6r att skapa en h\u00e5llbar framtid. <\/span><\/span><\/span><\/p>\n<p style=\"margin-bottom: 11px;\"><span style=\"font-size: 11pt;\"><span style=\"line-height: 107%;\"><span style=\"font-family: arial,helvetica,sans-serif;\">Innovationer som lanserades p\u00e5 World Expos inkluderar: telefon (Philadelphia, 1876), Eiffeltornet (Paris, 1889), pariserhjulet (Chicago, 1893), r\u00f6ntgenmaskinen (Buffalo, 1901), den kommersiella TV-s\u00e4ndningen (New York, 1939), IMAX (Osaka, 1970), peksk\u00e4rmar (Knoxville, 1982) och den humanoida roboten (Nagoya, 2005).<\/span><\/span><\/span><\/p>\n<p style=\"margin-bottom: 11px;\"><span style=\"font-size: 11pt;\"><span style=\"line-height: 107%;\"><span style=\"font-family: arial,helvetica,sans-serif;\">Expo 2020 \u00e4r framskjutet p\u00e5 grund av covid-19 pandemin och kommer att h\u00e5llas 1 oktober 2021 \u2013 31 mars 2022.<\/span><\/span><\/span><\/p>\n","protected":false},"excerpt":{"rendered":"<p>Drygt h\u00e4lften av v\u00e4rldens energibehov \u00e4r i form av v\u00e4rme. V\u00e4rmen anv\u00e4nds bland annat f\u00f6r att v\u00e4rma v\u00e5ra bost\u00e4der och i industriella processer. Idag produceras en stor del av denna v\u00e4rme med hj\u00e4lp av fossila br\u00e4nslen med stor negativ milj\u00f6p\u00e5verkan som f\u00f6ljd. Samtidigt \u00f6kar v\u00e4rldens energif\u00f6rbrukning snabbt n\u00e4r levnadsstandarden blir b\u00e4ttre f\u00f6r miljarder m\u00e4nniskor i [&hellip;]<\/p>\n","protected":false},"author":1,"featured_media":0,"comment_status":"open","ping_status":"open","sticky":false,"template":"","format":"standard","meta":{"_acf_changed":false,"footnotes":""},"categories":[2],"tags":[],"class_list":["post-9519","post","type-post","status-publish","format-standard","hentry","category-okategoriserad"],"acf":[],"yoast_head":"<!-- This site is optimized with the Yoast SEO plugin v27.4 - https:\/\/yoast.com\/product\/yoast-seo-wordpress\/ -->\n<title>Absolicon deltar i den svenska paviljongen under v\u00e4rldsutst\u00e4llningen Expo 2020 i Dubai - Absolicon<\/title>\n<meta name=\"robots\" content=\"index, follow, max-snippet:-1, max-image-preview:large, max-video-preview:-1\" \/>\n<link rel=\"canonical\" href=\"https:\/\/www.agma.com\/sv\/absolicon-deltar-i-den-svenska-paviljongen-under-varldsutstallningen-expo-2020-i-dubai\/\" \/>\n<meta property=\"og:locale\" content=\"sv_SE\" \/>\n<meta property=\"og:type\" content=\"article\" \/>\n<meta property=\"og:title\" content=\"Absolicon deltar i den svenska paviljongen under v\u00e4rldsutst\u00e4llningen Expo 2020 i Dubai - Absolicon\" \/>\n<meta property=\"og:description\" content=\"Drygt h\u00e4lften av v\u00e4rldens energibehov \u00e4r i form av v\u00e4rme. V\u00e4rmen anv\u00e4nds bland annat f\u00f6r att v\u00e4rma v\u00e5ra bost\u00e4der och i industriella processer. Idag produceras en stor del av denna v\u00e4rme med hj\u00e4lp av fossila br\u00e4nslen med stor negativ milj\u00f6p\u00e5verkan som f\u00f6ljd. Samtidigt \u00f6kar v\u00e4rldens energif\u00f6rbrukning snabbt n\u00e4r levnadsstandarden blir b\u00e4ttre f\u00f6r miljarder m\u00e4nniskor i [&hellip;]\" \/>\n<meta property=\"og:url\" content=\"https:\/\/www.agma.com\/sv\/absolicon-deltar-i-den-svenska-paviljongen-under-varldsutstallningen-expo-2020-i-dubai\/\" \/>\n<meta property=\"og:site_name\" content=\"Absolicon\" \/>\n<meta property=\"article:published_time\" content=\"2020-08-27T18:45:00+00:00\" \/>\n<meta property=\"article:modified_time\" content=\"2020-09-03T12:12:43+00:00\" \/>\n<meta property=\"og:image\" content=\"https:\/\/www.agma.com\/wp-content\/uploads\/2020\/08\/The-Forest-Photo-Alessandro-Ripellino-ArkitekterStudio-Adrien-GardereLuigi-Pardo-Architetti.jpg\" \/>\n<meta name=\"author\" content=\"jakubschenk\" \/>\n<meta name=\"twitter:card\" content=\"summary_large_image\" \/>\n<meta name=\"twitter:label1\" content=\"Skriven av\" \/>\n\t<meta name=\"twitter:data1\" content=\"jakubschenk\" \/>\n<script type=\"application\/ld+json\" class=\"yoast-schema-graph\">{\"@context\":\"https:\\\/\\\/schema.org\",\"@graph\":[{\"@type\":\"Article\",\"@id\":\"https:\\\/\\\/www.agma.com\\\/sv\\\/absolicon-deltar-i-den-svenska-paviljongen-under-varldsutstallningen-expo-2020-i-dubai\\\/#article\",\"isPartOf\":{\"@id\":\"https:\\\/\\\/www.agma.com\\\/sv\\\/absolicon-deltar-i-den-svenska-paviljongen-under-varldsutstallningen-expo-2020-i-dubai\\\/\"},\"author\":{\"name\":\"jakubschenk\",\"@id\":\"https:\\\/\\\/www.agma.com\\\/sv\\\/#\\\/schema\\\/person\\\/6820b3ce1cc37edbaecc979090760d8b\"},\"headline\":\"Absolicon deltar i den svenska paviljongen under v\u00e4rldsutst\u00e4llningen Expo 2020 i Dubai\",\"datePublished\":\"2020-08-27T18:45:00+00:00\",\"dateModified\":\"2020-09-03T12:12:43+00:00\",\"mainEntityOfPage\":{\"@id\":\"https:\\\/\\\/www.agma.com\\\/sv\\\/absolicon-deltar-i-den-svenska-paviljongen-under-varldsutstallningen-expo-2020-i-dubai\\\/\"},\"wordCount\":515,\"commentCount\":0,\"publisher\":{\"@id\":\"https:\\\/\\\/www.agma.com\\\/sv\\\/#organization\"},\"image\":{\"@id\":\"https:\\\/\\\/www.agma.com\\\/sv\\\/absolicon-deltar-i-den-svenska-paviljongen-under-varldsutstallningen-expo-2020-i-dubai\\\/#primaryimage\"},\"thumbnailUrl\":\"https:\\\/\\\/www.agma.com\\\/wp-content\\\/uploads\\\/2020\\\/08\\\/The-Forest-Photo-Alessandro-Ripellino-ArkitekterStudio-Adrien-GardereLuigi-Pardo-Architetti.jpg\",\"articleSection\":[\"Okategoriserad\"],\"inLanguage\":\"sv-SE\",\"potentialAction\":[{\"@type\":\"CommentAction\",\"name\":\"Comment\",\"target\":[\"https:\\\/\\\/www.agma.com\\\/sv\\\/absolicon-deltar-i-den-svenska-paviljongen-under-varldsutstallningen-expo-2020-i-dubai\\\/#respond\"]}]},{\"@type\":\"WebPage\",\"@id\":\"https:\\\/\\\/www.agma.com\\\/sv\\\/absolicon-deltar-i-den-svenska-paviljongen-under-varldsutstallningen-expo-2020-i-dubai\\\/\",\"url\":\"https:\\\/\\\/www.agma.com\\\/sv\\\/absolicon-deltar-i-den-svenska-paviljongen-under-varldsutstallningen-expo-2020-i-dubai\\\/\",\"name\":\"Absolicon deltar i den svenska paviljongen under v\u00e4rldsutst\u00e4llningen Expo 2020 i Dubai - Absolicon\",\"isPartOf\":{\"@id\":\"https:\\\/\\\/www.agma.com\\\/sv\\\/#website\"},\"primaryImageOfPage\":{\"@id\":\"https:\\\/\\\/www.agma.com\\\/sv\\\/absolicon-deltar-i-den-svenska-paviljongen-under-varldsutstallningen-expo-2020-i-dubai\\\/#primaryimage\"},\"image\":{\"@id\":\"https:\\\/\\\/www.agma.com\\\/sv\\\/absolicon-deltar-i-den-svenska-paviljongen-under-varldsutstallningen-expo-2020-i-dubai\\\/#primaryimage\"},\"thumbnailUrl\":\"https:\\\/\\\/www.agma.com\\\/wp-content\\\/uploads\\\/2020\\\/08\\\/The-Forest-Photo-Alessandro-Ripellino-ArkitekterStudio-Adrien-GardereLuigi-Pardo-Architetti.jpg\",\"datePublished\":\"2020-08-27T18:45:00+00:00\",\"dateModified\":\"2020-09-03T12:12:43+00:00\",\"breadcrumb\":{\"@id\":\"https:\\\/\\\/www.agma.com\\\/sv\\\/absolicon-deltar-i-den-svenska-paviljongen-under-varldsutstallningen-expo-2020-i-dubai\\\/#breadcrumb\"},\"inLanguage\":\"sv-SE\",\"potentialAction\":[{\"@type\":\"ReadAction\",\"target\":[\"https:\\\/\\\/www.agma.com\\\/sv\\\/absolicon-deltar-i-den-svenska-paviljongen-under-varldsutstallningen-expo-2020-i-dubai\\\/\"]}]},{\"@type\":\"ImageObject\",\"inLanguage\":\"sv-SE\",\"@id\":\"https:\\\/\\\/www.agma.com\\\/sv\\\/absolicon-deltar-i-den-svenska-paviljongen-under-varldsutstallningen-expo-2020-i-dubai\\\/#primaryimage\",\"url\":\"https:\\\/\\\/www.agma.com\\\/wp-content\\\/uploads\\\/2020\\\/08\\\/The-Forest-Photo-Alessandro-Ripellino-ArkitekterStudio-Adrien-GardereLuigi-Pardo-Architetti.jpg\",\"contentUrl\":\"https:\\\/\\\/www.agma.com\\\/wp-content\\\/uploads\\\/2020\\\/08\\\/The-Forest-Photo-Alessandro-Ripellino-ArkitekterStudio-Adrien-GardereLuigi-Pardo-Architetti.jpg\"},{\"@type\":\"BreadcrumbList\",\"@id\":\"https:\\\/\\\/www.agma.com\\\/sv\\\/absolicon-deltar-i-den-svenska-paviljongen-under-varldsutstallningen-expo-2020-i-dubai\\\/#breadcrumb\",\"itemListElement\":[{\"@type\":\"ListItem\",\"position\":1,\"name\":\"Home\",\"item\":\"https:\\\/\\\/www.agma.com\\\/sv\\\/\"},{\"@type\":\"ListItem\",\"position\":2,\"name\":\"Absolicon deltar i den svenska paviljongen under v\u00e4rldsutst\u00e4llningen Expo 2020 i Dubai\"}]},{\"@type\":\"WebSite\",\"@id\":\"https:\\\/\\\/www.agma.com\\\/sv\\\/#website\",\"url\":\"https:\\\/\\\/www.agma.com\\\/sv\\\/\",\"name\":\"Absolicon\",\"description\":\"\",\"publisher\":{\"@id\":\"https:\\\/\\\/www.agma.com\\\/sv\\\/#organization\"},\"potentialAction\":[{\"@type\":\"SearchAction\",\"target\":{\"@type\":\"EntryPoint\",\"urlTemplate\":\"https:\\\/\\\/www.agma.com\\\/sv\\\/?s={search_term_string}\"},\"query-input\":{\"@type\":\"PropertyValueSpecification\",\"valueRequired\":true,\"valueName\":\"search_term_string\"}}],\"inLanguage\":\"sv-SE\"},{\"@type\":\"Organization\",\"@id\":\"https:\\\/\\\/www.agma.com\\\/sv\\\/#organization\",\"name\":\"Absolicon\",\"url\":\"https:\\\/\\\/www.agma.com\\\/sv\\\/\",\"logo\":{\"@type\":\"ImageObject\",\"inLanguage\":\"sv-SE\",\"@id\":\"https:\\\/\\\/www.agma.com\\\/sv\\\/#\\\/schema\\\/logo\\\/image\\\/\",\"url\":\"https:\\\/\\\/www.agma.com\\\/wp-content\\\/uploads\\\/2026\\\/04\\\/logotype_neg_blk.svg\",\"contentUrl\":\"https:\\\/\\\/www.agma.com\\\/wp-content\\\/uploads\\\/2026\\\/04\\\/logotype_neg_blk.svg\",\"width\":705,\"height\":83,\"caption\":\"Absolicon\"},\"image\":{\"@id\":\"https:\\\/\\\/www.agma.com\\\/sv\\\/#\\\/schema\\\/logo\\\/image\\\/\"}},{\"@type\":\"Person\",\"@id\":\"https:\\\/\\\/www.agma.com\\\/sv\\\/#\\\/schema\\\/person\\\/6820b3ce1cc37edbaecc979090760d8b\",\"name\":\"jakubschenk\",\"image\":{\"@type\":\"ImageObject\",\"inLanguage\":\"sv-SE\",\"@id\":\"https:\\\/\\\/secure.gravatar.com\\\/avatar\\\/0ab843002d4a58702560e02354e5f9a3206e13bbfaa9df5a188e463870f605cd?s=96&d=mm&r=g\",\"url\":\"https:\\\/\\\/secure.gravatar.com\\\/avatar\\\/0ab843002d4a58702560e02354e5f9a3206e13bbfaa9df5a188e463870f605cd?s=96&d=mm&r=g\",\"contentUrl\":\"https:\\\/\\\/secure.gravatar.com\\\/avatar\\\/0ab843002d4a58702560e02354e5f9a3206e13bbfaa9df5a188e463870f605cd?s=96&d=mm&r=g\",\"caption\":\"jakubschenk\"},\"sameAs\":[\"https:\\\/\\\/www.agma.com\"],\"url\":\"https:\\\/\\\/www.agma.com\\\/sv\\\/author\\\/jakubschenk\\\/\"}]}<\/script>\n<!-- \/ Yoast SEO plugin. -->","yoast_head_json":{"title":"Absolicon deltar i den svenska paviljongen under v\u00e4rldsutst\u00e4llningen Expo 2020 i Dubai - Absolicon","robots":{"index":"index","follow":"follow","max-snippet":"max-snippet:-1","max-image-preview":"max-image-preview:large","max-video-preview":"max-video-preview:-1"},"canonical":"https:\/\/www.agma.com\/sv\/absolicon-deltar-i-den-svenska-paviljongen-under-varldsutstallningen-expo-2020-i-dubai\/","og_locale":"sv_SE","og_type":"article","og_title":"Absolicon deltar i den svenska paviljongen under v\u00e4rldsutst\u00e4llningen Expo 2020 i Dubai - Absolicon","og_description":"Drygt h\u00e4lften av v\u00e4rldens energibehov \u00e4r i form av v\u00e4rme. V\u00e4rmen anv\u00e4nds bland annat f\u00f6r att v\u00e4rma v\u00e5ra bost\u00e4der och i industriella processer. Idag produceras en stor del av denna v\u00e4rme med hj\u00e4lp av fossila br\u00e4nslen med stor negativ milj\u00f6p\u00e5verkan som f\u00f6ljd. Samtidigt \u00f6kar v\u00e4rldens energif\u00f6rbrukning snabbt n\u00e4r levnadsstandarden blir b\u00e4ttre f\u00f6r miljarder m\u00e4nniskor i [&hellip;]","og_url":"https:\/\/www.agma.com\/sv\/absolicon-deltar-i-den-svenska-paviljongen-under-varldsutstallningen-expo-2020-i-dubai\/","og_site_name":"Absolicon","article_published_time":"2020-08-27T18:45:00+00:00","article_modified_time":"2020-09-03T12:12:43+00:00","og_image":[{"url":"https:\/\/www.agma.com\/wp-content\/uploads\/2020\/08\/The-Forest-Photo-Alessandro-Ripellino-ArkitekterStudio-Adrien-GardereLuigi-Pardo-Architetti.jpg","type":"","width":"","height":""}],"author":"jakubschenk","twitter_card":"summary_large_image","twitter_misc":{"Skriven av":"jakubschenk"},"schema":{"@context":"https:\/\/schema.org","@graph":[{"@type":"Article","@id":"https:\/\/www.agma.com\/sv\/absolicon-deltar-i-den-svenska-paviljongen-under-varldsutstallningen-expo-2020-i-dubai\/#article","isPartOf":{"@id":"https:\/\/www.agma.com\/sv\/absolicon-deltar-i-den-svenska-paviljongen-under-varldsutstallningen-expo-2020-i-dubai\/"},"author":{"name":"jakubschenk","@id":"https:\/\/www.agma.com\/sv\/#\/schema\/person\/6820b3ce1cc37edbaecc979090760d8b"},"headline":"Absolicon deltar i den svenska paviljongen under v\u00e4rldsutst\u00e4llningen Expo 2020 i Dubai","datePublished":"2020-08-27T18:45:00+00:00","dateModified":"2020-09-03T12:12:43+00:00","mainEntityOfPage":{"@id":"https:\/\/www.agma.com\/sv\/absolicon-deltar-i-den-svenska-paviljongen-under-varldsutstallningen-expo-2020-i-dubai\/"},"wordCount":515,"commentCount":0,"publisher":{"@id":"https:\/\/www.agma.com\/sv\/#organization"},"image":{"@id":"https:\/\/www.agma.com\/sv\/absolicon-deltar-i-den-svenska-paviljongen-under-varldsutstallningen-expo-2020-i-dubai\/#primaryimage"},"thumbnailUrl":"https:\/\/www.agma.com\/wp-content\/uploads\/2020\/08\/The-Forest-Photo-Alessandro-Ripellino-ArkitekterStudio-Adrien-GardereLuigi-Pardo-Architetti.jpg","articleSection":["Okategoriserad"],"inLanguage":"sv-SE","potentialAction":[{"@type":"CommentAction","name":"Comment","target":["https:\/\/www.agma.com\/sv\/absolicon-deltar-i-den-svenska-paviljongen-under-varldsutstallningen-expo-2020-i-dubai\/#respond"]}]},{"@type":"WebPage","@id":"https:\/\/www.agma.com\/sv\/absolicon-deltar-i-den-svenska-paviljongen-under-varldsutstallningen-expo-2020-i-dubai\/","url":"https:\/\/www.agma.com\/sv\/absolicon-deltar-i-den-svenska-paviljongen-under-varldsutstallningen-expo-2020-i-dubai\/","name":"Absolicon deltar i den svenska paviljongen under v\u00e4rldsutst\u00e4llningen Expo 2020 i Dubai - Absolicon","isPartOf":{"@id":"https:\/\/www.agma.com\/sv\/#website"},"primaryImageOfPage":{"@id":"https:\/\/www.agma.com\/sv\/absolicon-deltar-i-den-svenska-paviljongen-under-varldsutstallningen-expo-2020-i-dubai\/#primaryimage"},"image":{"@id":"https:\/\/www.agma.com\/sv\/absolicon-deltar-i-den-svenska-paviljongen-under-varldsutstallningen-expo-2020-i-dubai\/#primaryimage"},"thumbnailUrl":"https:\/\/www.agma.com\/wp-content\/uploads\/2020\/08\/The-Forest-Photo-Alessandro-Ripellino-ArkitekterStudio-Adrien-GardereLuigi-Pardo-Architetti.jpg","datePublished":"2020-08-27T18:45:00+00:00","dateModified":"2020-09-03T12:12:43+00:00","breadcrumb":{"@id":"https:\/\/www.agma.com\/sv\/absolicon-deltar-i-den-svenska-paviljongen-under-varldsutstallningen-expo-2020-i-dubai\/#breadcrumb"},"inLanguage":"sv-SE","potentialAction":[{"@type":"ReadAction","target":["https:\/\/www.agma.com\/sv\/absolicon-deltar-i-den-svenska-paviljongen-under-varldsutstallningen-expo-2020-i-dubai\/"]}]},{"@type":"ImageObject","inLanguage":"sv-SE","@id":"https:\/\/www.agma.com\/sv\/absolicon-deltar-i-den-svenska-paviljongen-under-varldsutstallningen-expo-2020-i-dubai\/#primaryimage","url":"https:\/\/www.agma.com\/wp-content\/uploads\/2020\/08\/The-Forest-Photo-Alessandro-Ripellino-ArkitekterStudio-Adrien-GardereLuigi-Pardo-Architetti.jpg","contentUrl":"https:\/\/www.agma.com\/wp-content\/uploads\/2020\/08\/The-Forest-Photo-Alessandro-Ripellino-ArkitekterStudio-Adrien-GardereLuigi-Pardo-Architetti.jpg"},{"@type":"BreadcrumbList","@id":"https:\/\/www.agma.com\/sv\/absolicon-deltar-i-den-svenska-paviljongen-under-varldsutstallningen-expo-2020-i-dubai\/#breadcrumb","itemListElement":[{"@type":"ListItem","position":1,"name":"Home","item":"https:\/\/www.agma.com\/sv\/"},{"@type":"ListItem","position":2,"name":"Absolicon deltar i den svenska paviljongen under v\u00e4rldsutst\u00e4llningen Expo 2020 i Dubai"}]},{"@type":"WebSite","@id":"https:\/\/www.agma.com\/sv\/#website","url":"https:\/\/www.agma.com\/sv\/","name":"Absolicon","description":"","publisher":{"@id":"https:\/\/www.agma.com\/sv\/#organization"},"potentialAction":[{"@type":"SearchAction","target":{"@type":"EntryPoint","urlTemplate":"https:\/\/www.agma.com\/sv\/?s={search_term_string}"},"query-input":{"@type":"PropertyValueSpecification","valueRequired":true,"valueName":"search_term_string"}}],"inLanguage":"sv-SE"},{"@type":"Organization","@id":"https:\/\/www.agma.com\/sv\/#organization","name":"Absolicon","url":"https:\/\/www.agma.com\/sv\/","logo":{"@type":"ImageObject","inLanguage":"sv-SE","@id":"https:\/\/www.agma.com\/sv\/#\/schema\/logo\/image\/","url":"https:\/\/www.agma.com\/wp-content\/uploads\/2026\/04\/logotype_neg_blk.svg","contentUrl":"https:\/\/www.agma.com\/wp-content\/uploads\/2026\/04\/logotype_neg_blk.svg","width":705,"height":83,"caption":"Absolicon"},"image":{"@id":"https:\/\/www.agma.com\/sv\/#\/schema\/logo\/image\/"}},{"@type":"Person","@id":"https:\/\/www.agma.com\/sv\/#\/schema\/person\/6820b3ce1cc37edbaecc979090760d8b","name":"jakubschenk","image":{"@type":"ImageObject","inLanguage":"sv-SE","@id":"https:\/\/secure.gravatar.com\/avatar\/0ab843002d4a58702560e02354e5f9a3206e13bbfaa9df5a188e463870f605cd?s=96&d=mm&r=g","url":"https:\/\/secure.gravatar.com\/avatar\/0ab843002d4a58702560e02354e5f9a3206e13bbfaa9df5a188e463870f605cd?s=96&d=mm&r=g","contentUrl":"https:\/\/secure.gravatar.com\/avatar\/0ab843002d4a58702560e02354e5f9a3206e13bbfaa9df5a188e463870f605cd?s=96&d=mm&r=g","caption":"jakubschenk"},"sameAs":["https:\/\/www.agma.com"],"url":"https:\/\/www.agma.com\/sv\/author\/jakubschenk\/"}]}},"_links":{"self":[{"href":"https:\/\/www.agma.com\/sv\/wp-json\/wp\/v2\/posts\/9519","targetHints":{"allow":["GET"]}}],"collection":[{"href":"https:\/\/www.agma.com\/sv\/wp-json\/wp\/v2\/posts"}],"about":[{"href":"https:\/\/www.agma.com\/sv\/wp-json\/wp\/v2\/types\/post"}],"author":[{"embeddable":true,"href":"https:\/\/www.agma.com\/sv\/wp-json\/wp\/v2\/users\/1"}],"replies":[{"embeddable":true,"href":"https:\/\/www.agma.com\/sv\/wp-json\/wp\/v2\/comments?post=9519"}],"version-history":[{"count":2,"href":"https:\/\/www.agma.com\/sv\/wp-json\/wp\/v2\/posts\/9519\/revisions"}],"predecessor-version":[{"id":9616,"href":"https:\/\/www.agma.com\/sv\/wp-json\/wp\/v2\/posts\/9519\/revisions\/9616"}],"wp:attachment":[{"href":"https:\/\/www.agma.com\/sv\/wp-json\/wp\/v2\/media?parent=9519"}],"wp:term":[{"taxonomy":"category","embeddable":true,"href":"https:\/\/www.agma.com\/sv\/wp-json\/wp\/v2\/categories?post=9519"},{"taxonomy":"post_tag","embeddable":true,"href":"https:\/\/www.agma.com\/sv\/wp-json\/wp\/v2\/tags?post=9519"}],"curies":[{"name":"wp","href":"https:\/\/api.w.org\/{rel}","templated":true}]}}