{"id":9953,"date":"2020-10-16T08:30:19","date_gmt":"2020-10-16T08:30:19","guid":{"rendered":"https:\/\/www.absolicon.com\/energiminister-anders-ygeman-tar-virtuellt-forsta-spadtag-for-3000-m2-solvarmepark\/"},"modified":"2020-10-28T12:51:18","modified_gmt":"2020-10-28T12:51:18","slug":"energiminister-anders-ygeman-tar-virtuellt-forsta-spadtag-for-3000-m2-solvarmepark","status":"publish","type":"post","link":"https:\/\/www.agma.com\/sv\/energiminister-anders-ygeman-tar-virtuellt-forsta-spadtag-for-3000-m2-solvarmepark\/","title":{"rendered":"Energiminister Anders Ygeman tar virtuellt f\u00f6rsta spadtag f\u00f6r 3000 m2 solv\u00e4rmepark"},"content":{"rendered":"<p><span style=\"font-family: arial,helvetica,sans-serif;\"><span style=\"font-size: 12pt;\">H\u00f6gsl\u00e4tten Solar Thermal Park blir den st\u00f6rsta inom svensk solv\u00e4rme p\u00e5 \u00f6ver 20 \u00e5r och uppf\u00f6rs med modern koncentrerande solv\u00e4rmeteknik som till\u00e5ter h\u00f6gre systemtemperaturer och verkningsgrader f\u00f6r fj\u00e4rrv\u00e4rme.<\/span><\/span><\/p>\n<p>Delta online i f\u00f6rsta spadtag: https:\/\/vimeo.com\/472090998<\/p>\n<p><span style=\"font-family: arial,helvetica,sans-serif;\"><span style=\"font-size: 12pt;\">Mitt p\u00e5 dagen en vanlig sommardag kommer solf\u00e5ngarna i H\u00e4rn\u00f6sand att svara f\u00f6r en fj\u00e4rdedel av v\u00e4rmebehovet i H\u00e4rn\u00f6sands fj\u00e4rrv\u00e4rmen\u00e4t. Ut\u00f6ver fj\u00e4rrv\u00e4rmeproduktionen kommer f\u00e4ltet att fungera som demonstrationsanl\u00e4ggning f\u00f6r industriell solv\u00e4rme. Projektet finansieras till h\u00e4lften av Energimyndigheten.<\/span><\/span><\/p>\n<p><span style=\"font-size: 12pt;\"><span style=\"font-family: arial,helvetica,sans-serif;\">Projektet genomf\u00f6rs i tv\u00e5 faser och detta spadtag inleder den f\u00f6rsta fasen som ska bygga ca 1000 m2 solf\u00e5ngare samt en teknikbyggnad som ska st\u00e5 f\u00e4rdigt i mars 2021.<\/span><\/span><\/p>\n<p><strong><span style=\"font-size: 12pt;\"><span style=\"font-family: arial,helvetica,sans-serif;\">Media \u00e4r varmt v\u00e4lkomna att delta vid det f\u00f6rsta spadtaget!<\/span><\/span><\/strong><\/p>\n<p><span style=\"font-size: 12pt;\"><span style=\"font-family: arial,helvetica,sans-serif;\"><strong>Tid:<\/strong> 28 oktober kl. 14-15<br \/><strong>Plats:<\/strong> Skyttev\u00e4gen, H\u00f6gsl\u00e4ttens friluftsomr\u00e5de mellan fotbollsplanen och skjutbanan, i H\u00e4rn\u00f6sand.<\/span><\/span><\/p>\n<p>Delta online i f\u00f6rsta spadtag: https:\/\/vimeo.com\/472090998<br \/><img decoding=\"async\" src=\"https:\/\/mb.cision.com\/Public\/14211\/3217257\/9a05b3b10dcbb091_800x800ar.jpg\" alt=\"\" \/><\/p>\n\n\n<p><a href=\"https:\/\/www.agma.com\/sv\/projekt-2\/hogslatten-2023-solar-thermal-park\/\">L\u00e4s mer om H\u00f6gsl\u00e4tten 2023 Solar Thermal Park &gt;<\/a><\/p>\n","protected":false},"excerpt":{"rendered":"<p>H\u00f6gsl\u00e4tten Solar Thermal Park blir den st\u00f6rsta inom svensk solv\u00e4rme p\u00e5 \u00f6ver 20 \u00e5r och uppf\u00f6rs med modern koncentrerande solv\u00e4rmeteknik som till\u00e5ter h\u00f6gre systemtemperaturer och verkningsgrader f\u00f6r fj\u00e4rrv\u00e4rme. Delta online i f\u00f6rsta spadtag: https:\/\/vimeo.com\/472090998 Mitt p\u00e5 dagen en vanlig sommardag kommer solf\u00e5ngarna i H\u00e4rn\u00f6sand att svara f\u00f6r en fj\u00e4rdedel av v\u00e4rmebehovet i H\u00e4rn\u00f6sands fj\u00e4rrv\u00e4rmen\u00e4t. Ut\u00f6ver [&hellip;]<\/p>\n","protected":false},"author":1,"featured_media":9954,"comment_status":"open","ping_status":"open","sticky":false,"template":"","format":"standard","meta":{"_acf_changed":false,"footnotes":""},"categories":[23],"tags":[],"class_list":["post-9953","post","type-post","status-publish","format-standard","has-post-thumbnail","hentry","category-pressrelease"],"acf":[],"yoast_head":"<!-- This site is optimized with the Yoast SEO plugin v27.4 - https:\/\/yoast.com\/product\/yoast-seo-wordpress\/ -->\n<title>Energiminister Anders Ygeman tar virtuellt f\u00f6rsta spadtag f\u00f6r 3000 m2 solv\u00e4rmepark - Absolicon<\/title>\n<meta name=\"robots\" content=\"index, follow, max-snippet:-1, max-image-preview:large, max-video-preview:-1\" \/>\n<link rel=\"canonical\" href=\"https:\/\/www.agma.com\/sv\/energiminister-anders-ygeman-tar-virtuellt-forsta-spadtag-for-3000-m2-solvarmepark\/\" \/>\n<meta property=\"og:locale\" content=\"sv_SE\" \/>\n<meta property=\"og:type\" content=\"article\" \/>\n<meta property=\"og:title\" content=\"Energiminister Anders Ygeman tar virtuellt f\u00f6rsta spadtag f\u00f6r 3000 m2 solv\u00e4rmepark - Absolicon\" \/>\n<meta property=\"og:description\" content=\"H\u00f6gsl\u00e4tten Solar Thermal Park blir den st\u00f6rsta inom svensk solv\u00e4rme p\u00e5 \u00f6ver 20 \u00e5r och uppf\u00f6rs med modern koncentrerande solv\u00e4rmeteknik som till\u00e5ter h\u00f6gre systemtemperaturer och verkningsgrader f\u00f6r fj\u00e4rrv\u00e4rme. Delta online i f\u00f6rsta spadtag: https:\/\/vimeo.com\/472090998 Mitt p\u00e5 dagen en vanlig sommardag kommer solf\u00e5ngarna i H\u00e4rn\u00f6sand att svara f\u00f6r en fj\u00e4rdedel av v\u00e4rmebehovet i H\u00e4rn\u00f6sands fj\u00e4rrv\u00e4rmen\u00e4t. Ut\u00f6ver [&hellip;]\" \/>\n<meta property=\"og:url\" content=\"https:\/\/www.agma.com\/sv\/energiminister-anders-ygeman-tar-virtuellt-forsta-spadtag-for-3000-m2-solvarmepark\/\" \/>\n<meta property=\"og:site_name\" content=\"Absolicon\" \/>\n<meta property=\"article:published_time\" content=\"2020-10-16T08:30:19+00:00\" \/>\n<meta property=\"article:modified_time\" content=\"2020-10-28T12:51:18+00:00\" \/>\n<meta property=\"og:image\" content=\"https:\/\/www.agma.com\/wp-content\/uploads\/2020\/10\/hogslatten_viz_02_200909.jpg\" \/>\n\t<meta property=\"og:image:width\" content=\"2000\" \/>\n\t<meta property=\"og:image:height\" content=\"880\" \/>\n\t<meta property=\"og:image:type\" content=\"image\/jpeg\" \/>\n<meta name=\"author\" content=\"jakubschenk\" \/>\n<meta name=\"twitter:card\" content=\"summary_large_image\" \/>\n<meta name=\"twitter:label1\" content=\"Skriven av\" \/>\n\t<meta name=\"twitter:data1\" content=\"jakubschenk\" \/>\n<script type=\"application\/ld+json\" class=\"yoast-schema-graph\">{\"@context\":\"https:\\\/\\\/schema.org\",\"@graph\":[{\"@type\":\"Article\",\"@id\":\"https:\\\/\\\/www.agma.com\\\/sv\\\/energiminister-anders-ygeman-tar-virtuellt-forsta-spadtag-for-3000-m2-solvarmepark\\\/#article\",\"isPartOf\":{\"@id\":\"https:\\\/\\\/www.agma.com\\\/sv\\\/energiminister-anders-ygeman-tar-virtuellt-forsta-spadtag-for-3000-m2-solvarmepark\\\/\"},\"author\":{\"name\":\"jakubschenk\",\"@id\":\"https:\\\/\\\/www.agma.com\\\/sv\\\/#\\\/schema\\\/person\\\/6820b3ce1cc37edbaecc979090760d8b\"},\"headline\":\"Energiminister Anders Ygeman tar virtuellt f\u00f6rsta spadtag f\u00f6r 3000 m2 solv\u00e4rmepark\",\"datePublished\":\"2020-10-16T08:30:19+00:00\",\"dateModified\":\"2020-10-28T12:51:18+00:00\",\"mainEntityOfPage\":{\"@id\":\"https:\\\/\\\/www.agma.com\\\/sv\\\/energiminister-anders-ygeman-tar-virtuellt-forsta-spadtag-for-3000-m2-solvarmepark\\\/\"},\"wordCount\":199,\"commentCount\":0,\"publisher\":{\"@id\":\"https:\\\/\\\/www.agma.com\\\/sv\\\/#organization\"},\"image\":{\"@id\":\"https:\\\/\\\/www.agma.com\\\/sv\\\/energiminister-anders-ygeman-tar-virtuellt-forsta-spadtag-for-3000-m2-solvarmepark\\\/#primaryimage\"},\"thumbnailUrl\":\"https:\\\/\\\/www.agma.com\\\/wp-content\\\/uploads\\\/2020\\\/10\\\/hogslatten_viz_02_200909.jpg\",\"articleSection\":[\"Pressrelease\"],\"inLanguage\":\"sv-SE\",\"potentialAction\":[{\"@type\":\"CommentAction\",\"name\":\"Comment\",\"target\":[\"https:\\\/\\\/www.agma.com\\\/sv\\\/energiminister-anders-ygeman-tar-virtuellt-forsta-spadtag-for-3000-m2-solvarmepark\\\/#respond\"]}]},{\"@type\":\"WebPage\",\"@id\":\"https:\\\/\\\/www.agma.com\\\/sv\\\/energiminister-anders-ygeman-tar-virtuellt-forsta-spadtag-for-3000-m2-solvarmepark\\\/\",\"url\":\"https:\\\/\\\/www.agma.com\\\/sv\\\/energiminister-anders-ygeman-tar-virtuellt-forsta-spadtag-for-3000-m2-solvarmepark\\\/\",\"name\":\"Energiminister Anders Ygeman tar virtuellt f\u00f6rsta spadtag f\u00f6r 3000 m2 solv\u00e4rmepark - Absolicon\",\"isPartOf\":{\"@id\":\"https:\\\/\\\/www.agma.com\\\/sv\\\/#website\"},\"primaryImageOfPage\":{\"@id\":\"https:\\\/\\\/www.agma.com\\\/sv\\\/energiminister-anders-ygeman-tar-virtuellt-forsta-spadtag-for-3000-m2-solvarmepark\\\/#primaryimage\"},\"image\":{\"@id\":\"https:\\\/\\\/www.agma.com\\\/sv\\\/energiminister-anders-ygeman-tar-virtuellt-forsta-spadtag-for-3000-m2-solvarmepark\\\/#primaryimage\"},\"thumbnailUrl\":\"https:\\\/\\\/www.agma.com\\\/wp-content\\\/uploads\\\/2020\\\/10\\\/hogslatten_viz_02_200909.jpg\",\"datePublished\":\"2020-10-16T08:30:19+00:00\",\"dateModified\":\"2020-10-28T12:51:18+00:00\",\"breadcrumb\":{\"@id\":\"https:\\\/\\\/www.agma.com\\\/sv\\\/energiminister-anders-ygeman-tar-virtuellt-forsta-spadtag-for-3000-m2-solvarmepark\\\/#breadcrumb\"},\"inLanguage\":\"sv-SE\",\"potentialAction\":[{\"@type\":\"ReadAction\",\"target\":[\"https:\\\/\\\/www.agma.com\\\/sv\\\/energiminister-anders-ygeman-tar-virtuellt-forsta-spadtag-for-3000-m2-solvarmepark\\\/\"]}]},{\"@type\":\"ImageObject\",\"inLanguage\":\"sv-SE\",\"@id\":\"https:\\\/\\\/www.agma.com\\\/sv\\\/energiminister-anders-ygeman-tar-virtuellt-forsta-spadtag-for-3000-m2-solvarmepark\\\/#primaryimage\",\"url\":\"https:\\\/\\\/www.agma.com\\\/wp-content\\\/uploads\\\/2020\\\/10\\\/hogslatten_viz_02_200909.jpg\",\"contentUrl\":\"https:\\\/\\\/www.agma.com\\\/wp-content\\\/uploads\\\/2020\\\/10\\\/hogslatten_viz_02_200909.jpg\",\"width\":2000,\"height\":880},{\"@type\":\"BreadcrumbList\",\"@id\":\"https:\\\/\\\/www.agma.com\\\/sv\\\/energiminister-anders-ygeman-tar-virtuellt-forsta-spadtag-for-3000-m2-solvarmepark\\\/#breadcrumb\",\"itemListElement\":[{\"@type\":\"ListItem\",\"position\":1,\"name\":\"Home\",\"item\":\"https:\\\/\\\/www.agma.com\\\/sv\\\/\"},{\"@type\":\"ListItem\",\"position\":2,\"name\":\"Energiminister Anders Ygeman tar virtuellt f\u00f6rsta spadtag f\u00f6r 3000 m2 solv\u00e4rmepark\"}]},{\"@type\":\"WebSite\",\"@id\":\"https:\\\/\\\/www.agma.com\\\/sv\\\/#website\",\"url\":\"https:\\\/\\\/www.agma.com\\\/sv\\\/\",\"name\":\"Absolicon\",\"description\":\"\",\"publisher\":{\"@id\":\"https:\\\/\\\/www.agma.com\\\/sv\\\/#organization\"},\"potentialAction\":[{\"@type\":\"SearchAction\",\"target\":{\"@type\":\"EntryPoint\",\"urlTemplate\":\"https:\\\/\\\/www.agma.com\\\/sv\\\/?s={search_term_string}\"},\"query-input\":{\"@type\":\"PropertyValueSpecification\",\"valueRequired\":true,\"valueName\":\"search_term_string\"}}],\"inLanguage\":\"sv-SE\"},{\"@type\":\"Organization\",\"@id\":\"https:\\\/\\\/www.agma.com\\\/sv\\\/#organization\",\"name\":\"Absolicon\",\"url\":\"https:\\\/\\\/www.agma.com\\\/sv\\\/\",\"logo\":{\"@type\":\"ImageObject\",\"inLanguage\":\"sv-SE\",\"@id\":\"https:\\\/\\\/www.agma.com\\\/sv\\\/#\\\/schema\\\/logo\\\/image\\\/\",\"url\":\"https:\\\/\\\/www.agma.com\\\/wp-content\\\/uploads\\\/2026\\\/04\\\/logotype_neg_blk.svg\",\"contentUrl\":\"https:\\\/\\\/www.agma.com\\\/wp-content\\\/uploads\\\/2026\\\/04\\\/logotype_neg_blk.svg\",\"width\":705,\"height\":83,\"caption\":\"Absolicon\"},\"image\":{\"@id\":\"https:\\\/\\\/www.agma.com\\\/sv\\\/#\\\/schema\\\/logo\\\/image\\\/\"}},{\"@type\":\"Person\",\"@id\":\"https:\\\/\\\/www.agma.com\\\/sv\\\/#\\\/schema\\\/person\\\/6820b3ce1cc37edbaecc979090760d8b\",\"name\":\"jakubschenk\",\"image\":{\"@type\":\"ImageObject\",\"inLanguage\":\"sv-SE\",\"@id\":\"https:\\\/\\\/secure.gravatar.com\\\/avatar\\\/0ab843002d4a58702560e02354e5f9a3206e13bbfaa9df5a188e463870f605cd?s=96&d=mm&r=g\",\"url\":\"https:\\\/\\\/secure.gravatar.com\\\/avatar\\\/0ab843002d4a58702560e02354e5f9a3206e13bbfaa9df5a188e463870f605cd?s=96&d=mm&r=g\",\"contentUrl\":\"https:\\\/\\\/secure.gravatar.com\\\/avatar\\\/0ab843002d4a58702560e02354e5f9a3206e13bbfaa9df5a188e463870f605cd?s=96&d=mm&r=g\",\"caption\":\"jakubschenk\"},\"sameAs\":[\"https:\\\/\\\/www.agma.com\"],\"url\":\"https:\\\/\\\/www.agma.com\\\/sv\\\/author\\\/jakubschenk\\\/\"}]}<\/script>\n<!-- \/ Yoast SEO plugin. -->","yoast_head_json":{"title":"Energiminister Anders Ygeman tar virtuellt f\u00f6rsta spadtag f\u00f6r 3000 m2 solv\u00e4rmepark - Absolicon","robots":{"index":"index","follow":"follow","max-snippet":"max-snippet:-1","max-image-preview":"max-image-preview:large","max-video-preview":"max-video-preview:-1"},"canonical":"https:\/\/www.agma.com\/sv\/energiminister-anders-ygeman-tar-virtuellt-forsta-spadtag-for-3000-m2-solvarmepark\/","og_locale":"sv_SE","og_type":"article","og_title":"Energiminister Anders Ygeman tar virtuellt f\u00f6rsta spadtag f\u00f6r 3000 m2 solv\u00e4rmepark - Absolicon","og_description":"H\u00f6gsl\u00e4tten Solar Thermal Park blir den st\u00f6rsta inom svensk solv\u00e4rme p\u00e5 \u00f6ver 20 \u00e5r och uppf\u00f6rs med modern koncentrerande solv\u00e4rmeteknik som till\u00e5ter h\u00f6gre systemtemperaturer och verkningsgrader f\u00f6r fj\u00e4rrv\u00e4rme. Delta online i f\u00f6rsta spadtag: https:\/\/vimeo.com\/472090998 Mitt p\u00e5 dagen en vanlig sommardag kommer solf\u00e5ngarna i H\u00e4rn\u00f6sand att svara f\u00f6r en fj\u00e4rdedel av v\u00e4rmebehovet i H\u00e4rn\u00f6sands fj\u00e4rrv\u00e4rmen\u00e4t. Ut\u00f6ver [&hellip;]","og_url":"https:\/\/www.agma.com\/sv\/energiminister-anders-ygeman-tar-virtuellt-forsta-spadtag-for-3000-m2-solvarmepark\/","og_site_name":"Absolicon","article_published_time":"2020-10-16T08:30:19+00:00","article_modified_time":"2020-10-28T12:51:18+00:00","og_image":[{"width":2000,"height":880,"url":"https:\/\/www.agma.com\/wp-content\/uploads\/2020\/10\/hogslatten_viz_02_200909.jpg","type":"image\/jpeg"}],"author":"jakubschenk","twitter_card":"summary_large_image","twitter_misc":{"Skriven av":"jakubschenk"},"schema":{"@context":"https:\/\/schema.org","@graph":[{"@type":"Article","@id":"https:\/\/www.agma.com\/sv\/energiminister-anders-ygeman-tar-virtuellt-forsta-spadtag-for-3000-m2-solvarmepark\/#article","isPartOf":{"@id":"https:\/\/www.agma.com\/sv\/energiminister-anders-ygeman-tar-virtuellt-forsta-spadtag-for-3000-m2-solvarmepark\/"},"author":{"name":"jakubschenk","@id":"https:\/\/www.agma.com\/sv\/#\/schema\/person\/6820b3ce1cc37edbaecc979090760d8b"},"headline":"Energiminister Anders Ygeman tar virtuellt f\u00f6rsta spadtag f\u00f6r 3000 m2 solv\u00e4rmepark","datePublished":"2020-10-16T08:30:19+00:00","dateModified":"2020-10-28T12:51:18+00:00","mainEntityOfPage":{"@id":"https:\/\/www.agma.com\/sv\/energiminister-anders-ygeman-tar-virtuellt-forsta-spadtag-for-3000-m2-solvarmepark\/"},"wordCount":199,"commentCount":0,"publisher":{"@id":"https:\/\/www.agma.com\/sv\/#organization"},"image":{"@id":"https:\/\/www.agma.com\/sv\/energiminister-anders-ygeman-tar-virtuellt-forsta-spadtag-for-3000-m2-solvarmepark\/#primaryimage"},"thumbnailUrl":"https:\/\/www.agma.com\/wp-content\/uploads\/2020\/10\/hogslatten_viz_02_200909.jpg","articleSection":["Pressrelease"],"inLanguage":"sv-SE","potentialAction":[{"@type":"CommentAction","name":"Comment","target":["https:\/\/www.agma.com\/sv\/energiminister-anders-ygeman-tar-virtuellt-forsta-spadtag-for-3000-m2-solvarmepark\/#respond"]}]},{"@type":"WebPage","@id":"https:\/\/www.agma.com\/sv\/energiminister-anders-ygeman-tar-virtuellt-forsta-spadtag-for-3000-m2-solvarmepark\/","url":"https:\/\/www.agma.com\/sv\/energiminister-anders-ygeman-tar-virtuellt-forsta-spadtag-for-3000-m2-solvarmepark\/","name":"Energiminister Anders Ygeman tar virtuellt f\u00f6rsta spadtag f\u00f6r 3000 m2 solv\u00e4rmepark - Absolicon","isPartOf":{"@id":"https:\/\/www.agma.com\/sv\/#website"},"primaryImageOfPage":{"@id":"https:\/\/www.agma.com\/sv\/energiminister-anders-ygeman-tar-virtuellt-forsta-spadtag-for-3000-m2-solvarmepark\/#primaryimage"},"image":{"@id":"https:\/\/www.agma.com\/sv\/energiminister-anders-ygeman-tar-virtuellt-forsta-spadtag-for-3000-m2-solvarmepark\/#primaryimage"},"thumbnailUrl":"https:\/\/www.agma.com\/wp-content\/uploads\/2020\/10\/hogslatten_viz_02_200909.jpg","datePublished":"2020-10-16T08:30:19+00:00","dateModified":"2020-10-28T12:51:18+00:00","breadcrumb":{"@id":"https:\/\/www.agma.com\/sv\/energiminister-anders-ygeman-tar-virtuellt-forsta-spadtag-for-3000-m2-solvarmepark\/#breadcrumb"},"inLanguage":"sv-SE","potentialAction":[{"@type":"ReadAction","target":["https:\/\/www.agma.com\/sv\/energiminister-anders-ygeman-tar-virtuellt-forsta-spadtag-for-3000-m2-solvarmepark\/"]}]},{"@type":"ImageObject","inLanguage":"sv-SE","@id":"https:\/\/www.agma.com\/sv\/energiminister-anders-ygeman-tar-virtuellt-forsta-spadtag-for-3000-m2-solvarmepark\/#primaryimage","url":"https:\/\/www.agma.com\/wp-content\/uploads\/2020\/10\/hogslatten_viz_02_200909.jpg","contentUrl":"https:\/\/www.agma.com\/wp-content\/uploads\/2020\/10\/hogslatten_viz_02_200909.jpg","width":2000,"height":880},{"@type":"BreadcrumbList","@id":"https:\/\/www.agma.com\/sv\/energiminister-anders-ygeman-tar-virtuellt-forsta-spadtag-for-3000-m2-solvarmepark\/#breadcrumb","itemListElement":[{"@type":"ListItem","position":1,"name":"Home","item":"https:\/\/www.agma.com\/sv\/"},{"@type":"ListItem","position":2,"name":"Energiminister Anders Ygeman tar virtuellt f\u00f6rsta spadtag f\u00f6r 3000 m2 solv\u00e4rmepark"}]},{"@type":"WebSite","@id":"https:\/\/www.agma.com\/sv\/#website","url":"https:\/\/www.agma.com\/sv\/","name":"Absolicon","description":"","publisher":{"@id":"https:\/\/www.agma.com\/sv\/#organization"},"potentialAction":[{"@type":"SearchAction","target":{"@type":"EntryPoint","urlTemplate":"https:\/\/www.agma.com\/sv\/?s={search_term_string}"},"query-input":{"@type":"PropertyValueSpecification","valueRequired":true,"valueName":"search_term_string"}}],"inLanguage":"sv-SE"},{"@type":"Organization","@id":"https:\/\/www.agma.com\/sv\/#organization","name":"Absolicon","url":"https:\/\/www.agma.com\/sv\/","logo":{"@type":"ImageObject","inLanguage":"sv-SE","@id":"https:\/\/www.agma.com\/sv\/#\/schema\/logo\/image\/","url":"https:\/\/www.agma.com\/wp-content\/uploads\/2026\/04\/logotype_neg_blk.svg","contentUrl":"https:\/\/www.agma.com\/wp-content\/uploads\/2026\/04\/logotype_neg_blk.svg","width":705,"height":83,"caption":"Absolicon"},"image":{"@id":"https:\/\/www.agma.com\/sv\/#\/schema\/logo\/image\/"}},{"@type":"Person","@id":"https:\/\/www.agma.com\/sv\/#\/schema\/person\/6820b3ce1cc37edbaecc979090760d8b","name":"jakubschenk","image":{"@type":"ImageObject","inLanguage":"sv-SE","@id":"https:\/\/secure.gravatar.com\/avatar\/0ab843002d4a58702560e02354e5f9a3206e13bbfaa9df5a188e463870f605cd?s=96&d=mm&r=g","url":"https:\/\/secure.gravatar.com\/avatar\/0ab843002d4a58702560e02354e5f9a3206e13bbfaa9df5a188e463870f605cd?s=96&d=mm&r=g","contentUrl":"https:\/\/secure.gravatar.com\/avatar\/0ab843002d4a58702560e02354e5f9a3206e13bbfaa9df5a188e463870f605cd?s=96&d=mm&r=g","caption":"jakubschenk"},"sameAs":["https:\/\/www.agma.com"],"url":"https:\/\/www.agma.com\/sv\/author\/jakubschenk\/"}]}},"_links":{"self":[{"href":"https:\/\/www.agma.com\/sv\/wp-json\/wp\/v2\/posts\/9953","targetHints":{"allow":["GET"]}}],"collection":[{"href":"https:\/\/www.agma.com\/sv\/wp-json\/wp\/v2\/posts"}],"about":[{"href":"https:\/\/www.agma.com\/sv\/wp-json\/wp\/v2\/types\/post"}],"author":[{"embeddable":true,"href":"https:\/\/www.agma.com\/sv\/wp-json\/wp\/v2\/users\/1"}],"replies":[{"embeddable":true,"href":"https:\/\/www.agma.com\/sv\/wp-json\/wp\/v2\/comments?post=9953"}],"version-history":[{"count":3,"href":"https:\/\/www.agma.com\/sv\/wp-json\/wp\/v2\/posts\/9953\/revisions"}],"predecessor-version":[{"id":9964,"href":"https:\/\/www.agma.com\/sv\/wp-json\/wp\/v2\/posts\/9953\/revisions\/9964"}],"wp:featuredmedia":[{"embeddable":true,"href":"https:\/\/www.agma.com\/sv\/wp-json\/wp\/v2\/media\/9954"}],"wp:attachment":[{"href":"https:\/\/www.agma.com\/sv\/wp-json\/wp\/v2\/media?parent=9953"}],"wp:term":[{"taxonomy":"category","embeddable":true,"href":"https:\/\/www.agma.com\/sv\/wp-json\/wp\/v2\/categories?post=9953"},{"taxonomy":"post_tag","embeddable":true,"href":"https:\/\/www.agma.com\/sv\/wp-json\/wp\/v2\/tags?post=9953"}],"curies":[{"name":"wp","href":"https:\/\/api.w.org\/{rel}","templated":true}]}}