{"id":9977,"date":"2020-10-28T21:25:46","date_gmt":"2020-10-28T21:25:46","guid":{"rendered":"https:\/\/www.absolicon.com\/?p=9977"},"modified":"2020-11-06T10:21:27","modified_gmt":"2020-11-06T10:21:27","slug":"forsta-steget-mot-8-twh-solvarme-i-det-svenska-fjarrvarmenatet","status":"publish","type":"post","link":"https:\/\/www.agma.com\/sv\/forsta-steget-mot-8-twh-solvarme-i-det-svenska-fjarrvarmenatet\/","title":{"rendered":"F\u00f6rsta steget mot 8 TWh solv\u00e4rme i det svenska fj\u00e4rrv\u00e4rmen\u00e4tet"},"content":{"rendered":"\n<p>Absolicon bygger en 3000 m2 solf\u00e5ngarpark i H\u00e4rn\u00f6sand. F\u00f6rsta spadtaget togs online av Anders Ygeman och Robert Andr\u00e9n tillsammans med Absolicons VD Joakim Bystr\u00f6m, projektledare Benjamin Ahlgren och Andreas Sj\u00f6lander, ordf\u00f6rande f\u00f6r kommunstyrelsen p\u00e5 plats i H\u00e4rn\u00f6sand.<\/p>\n\n\n\n<figure class=\"wp-block-image size-large\"><img fetchpriority=\"high\" decoding=\"async\" width=\"1024\" height=\"682\" src=\"https:\/\/www.agma.com\/wp-content\/uploads\/2020\/10\/Ho\u0308gsla\u0308tten-Fo\u0308rsta-Spadtaget-20-10-28-10-1024x682.jpg\" alt=\"\" class=\"wp-image-9972\" srcset=\"https:\/\/www.agma.com\/wp-content\/uploads\/2020\/10\/Ho\u0308gsla\u0308tten-Fo\u0308rsta-Spadtaget-20-10-28-10-1024x682.jpg 1024w, https:\/\/www.agma.com\/wp-content\/uploads\/2020\/10\/Ho\u0308gsla\u0308tten-Fo\u0308rsta-Spadtaget-20-10-28-10-300x200.jpg 300w, https:\/\/www.agma.com\/wp-content\/uploads\/2020\/10\/Ho\u0308gsla\u0308tten-Fo\u0308rsta-Spadtaget-20-10-28-10-768x512.jpg 768w, https:\/\/www.agma.com\/wp-content\/uploads\/2020\/10\/Ho\u0308gsla\u0308tten-Fo\u0308rsta-Spadtaget-20-10-28-10-1536x1024.jpg 1536w, https:\/\/www.agma.com\/wp-content\/uploads\/2020\/10\/Ho\u0308gsla\u0308tten-Fo\u0308rsta-Spadtaget-20-10-28-10.jpg 2000w\" sizes=\"(max-width: 1024px) 100vw, 1024px\" \/><\/figure>\n\n\n\n<p>H\u00f6gsl\u00e4tten Solar Thermal Park blir f\u00e4rdigst\u00e4llt 3000 m<sup>2<\/sup>, den st\u00f6rsta inom svensk solv\u00e4rme p\u00e5 \u00f6ver 20 \u00e5r och uppf\u00f6rs med modern koncentrerande solv\u00e4rmeteknik som till\u00e5ter h\u00f6gre systemtemperaturer och verkningsgrader f\u00f6r fj\u00e4rrv\u00e4rme.<\/p>\n\n\n\n<p>I sin rapport \u201cFossilfritt, f\u00f6rnybart, flexibelt \u2013 Framtidens h\u00e5llbara energisystem skriver Naturskyddsf\u00f6reningen att m\u00f6jligheten att lagra solv\u00e4rme fr\u00e5n sommar till vinter \u00f6ppnar upp f\u00f6r en h\u00f6gre andel solenergi i fj\u00e4rrv\u00e4rmesystemen och effektiviserar resursanv\u00e4ndningen kraftigt.<\/p>\n\n\n\n<p>I rapporten, som kom i november 2019, har Naturskyddsf\u00f6reningen unders\u00f6kt hur ett 100% f\u00f6rnybart energisystem skulle se ut. Resultatet \u00e4r tydligt: Sverige st\u00e5r inf\u00f6r ett omfattande f\u00f6r\u00e4ndringsarbete \u2013 men till 2040 kan vi ha en energianv\u00e4ndning som \u00e4r b\u00e5de f\u00f6rnybar och h\u00e5llbar tack vare bland annat en \u00f6kad anv\u00e4ndning av solenergi. I rapporten r\u00e4knar Naturskyddsf\u00f6reningen med 8 TWh solenergi i svensk fj\u00e4rrv\u00e4rme vilket i det scenariot skulle motsvara 20 % av den totala produktionen.<\/p>\n\n\n\n<p>Mitt p\u00e5 dagen en vanlig sommardag kommer solf\u00e5ngarna i H\u00e4rn\u00f6sand att svara f\u00f6r en fj\u00e4rdedel av v\u00e4rmebehovet i stadens fj\u00e4rrv\u00e4rmen\u00e4t, men Absolicons vd Joakim Bystr\u00f6m vill bygga mer solv\u00e4rme f\u00f6r att n\u00e5 m\u00e5len i Naturskyddsf\u00f6reningens rapport.<\/p>\n\n\n\n<p>\u2013 I H\u00e4rn\u00f6sand skulle en solf\u00e5ngaranl\u00e4ggning tio g\u00e5nger s\u00e5 stor som denna och ett v\u00e4rmelager som sparar hetvatten fr\u00e5n sommar till vinter inneb\u00e4ra att man helt kan sluta elda br\u00e4nslen i v\u00e4rmeverket under sommarhalv\u00e5ret, konstaterar Joakim Bystr\u00f6m, vd p\u00e5 Absolicon.<\/p>\n\n\n\n<p>&#8211; P\u00e5 flera h\u00e5ll i v\u00e4rlden expanderar satsningarna p\u00e5 solv\u00e4rme i fj\u00e4rrv\u00e4rmen. Det \u00e4r gl\u00e4djande att Absolicon ser till att Sverige ocks\u00e5 tar plats i den \u00e4r expansionen, s\u00e4ger Energiminister Anders Ygeman som var med vid spadtaget.<\/p>\n\n\n\n<p>Projektet finansieras till h\u00e4lften av Energimyndigheten och Generaldirekt\u00f6r f\u00f6r myndigheten Robert Andr\u00e9n var den andra av talarna som av Coronask\u00e4l deltog virtuellt i spadtaget.<\/p>\n\n\n\n<p>&#8211; Jag hade g\u00e4rna varit med p\u00e5 plats. Absolicon \u00e4r ett bolag vi f\u00f6ljt l\u00e4nge och som spelar en stor roll i v\u00e5r ambition att g\u00f6ra Sverige till ett land som exporterar milj\u00f6teknik med stor effekt p\u00e5 klimatet. Absolicon \u00e4r ett f\u00f6retag med en innovativ l\u00f6sning och aff\u00e4rsmodell, s\u00e5 lite stolt \u00e4r jag att vara med h\u00e4r i dag, sa Robert Andr\u00e9n, Generaldirekt\u00f6r.<\/p>\n\n\n\n<p>F\u00f6rsta spadtaget togs online av Anders Ygeman och Robert Andr\u00e9n tillsammans med Absolicons VD Joakim Bystr\u00f6m, projektledare Benjamin Ahlgren och Andreas Sj\u00f6lander, ordf\u00f6rande f\u00f6r kommunstyrelsen p\u00e5 plats i H\u00e4rn\u00f6sand.<\/p>\n\n\n\n<p>H\u00f6gsl\u00e4tten 2023 Solar Thermal Park genomf\u00f6rs i tv\u00e5 faser. Spadtaget i oktober inleder den f\u00f6rsta fasen som ska bygga ca 1000 m<sup>2<\/sup> solf\u00e5ngare samt en teknikbyggnad som ska st\u00e5 f\u00e4rdigt i mars 2021. Ut\u00f6ver fj\u00e4rrv\u00e4rmeproduktionen kommer f\u00e4ltet att fungera som demonstrationsanl\u00e4ggning f\u00f6r industriell solv\u00e4rme.<\/p>\n\n\n\n<p><a href=\"https:\/\/vimeo.com\/475839779\">Se sammandrag fr\u00e5n spadtaget i oktober<\/a><\/p>\n\n\n\n<p><a href=\"https:\/\/www.agma.com\/sv\/projekt-2\/hogslatten-2023-solar-thermal-park\/\">Mer om H\u00f6gsl\u00e4tten 2023 Solar Thermal Park.<\/a><\/p>\n","protected":false},"excerpt":{"rendered":"<p>Absolicon bygger en 3000 m2 solf\u00e5ngarpark i H\u00e4rn\u00f6sand. F\u00f6rsta spadtaget togs online av Anders Ygeman och Robert Andr\u00e9n tillsammans med Absolicons VD Joakim Bystr\u00f6m, projektledare Benjamin Ahlgren och Andreas Sj\u00f6lander, ordf\u00f6rande f\u00f6r kommunstyrelsen p\u00e5 plats i H\u00e4rn\u00f6sand. H\u00f6gsl\u00e4tten Solar Thermal Park blir f\u00e4rdigst\u00e4llt 3000 m2, den st\u00f6rsta inom svensk solv\u00e4rme p\u00e5 \u00f6ver 20 \u00e5r och [&hellip;]<\/p>\n","protected":false},"author":2,"featured_media":9970,"comment_status":"closed","ping_status":"closed","sticky":false,"template":"","format":"standard","meta":{"_acf_changed":false,"footnotes":""},"categories":[2],"tags":[],"class_list":["post-9977","post","type-post","status-publish","format-standard","has-post-thumbnail","hentry","category-okategoriserad"],"acf":[],"yoast_head":"<!-- This site is optimized with the Yoast SEO plugin v27.4 - https:\/\/yoast.com\/product\/yoast-seo-wordpress\/ -->\n<title>F\u00f6rsta steget mot 8 TWh solv\u00e4rme i det svenska fj\u00e4rrv\u00e4rmen\u00e4tet - Absolicon<\/title>\n<meta name=\"robots\" content=\"index, follow, max-snippet:-1, max-image-preview:large, max-video-preview:-1\" \/>\n<link rel=\"canonical\" href=\"https:\/\/www.agma.com\/sv\/groundbreaking-ceremony-for-swedens-largest-solar-heating-field\/\" \/>\n<meta property=\"og:locale\" content=\"sv_SE\" \/>\n<meta property=\"og:type\" content=\"article\" \/>\n<meta property=\"og:title\" content=\"F\u00f6rsta steget mot 8 TWh solv\u00e4rme i det svenska fj\u00e4rrv\u00e4rmen\u00e4tet - Absolicon\" \/>\n<meta property=\"og:description\" content=\"Absolicon bygger en 3000 m2 solf\u00e5ngarpark i H\u00e4rn\u00f6sand. F\u00f6rsta spadtaget togs online av Anders Ygeman och Robert Andr\u00e9n tillsammans med Absolicons VD Joakim Bystr\u00f6m, projektledare Benjamin Ahlgren och Andreas Sj\u00f6lander, ordf\u00f6rande f\u00f6r kommunstyrelsen p\u00e5 plats i H\u00e4rn\u00f6sand. H\u00f6gsl\u00e4tten Solar Thermal Park blir f\u00e4rdigst\u00e4llt 3000 m2, den st\u00f6rsta inom svensk solv\u00e4rme p\u00e5 \u00f6ver 20 \u00e5r och [&hellip;]\" \/>\n<meta property=\"og:url\" content=\"https:\/\/www.agma.com\/groundbreaking-ceremony-for-swedens-largest-solar-heating-field\/\" \/>\n<meta property=\"og:site_name\" content=\"Absolicon\" \/>\n<meta property=\"article:published_time\" content=\"2020-10-28T21:25:46+00:00\" \/>\n<meta property=\"article:modified_time\" content=\"2020-11-06T10:21:27+00:00\" \/>\n<meta property=\"og:image\" content=\"https:\/\/www.agma.com\/wp-content\/uploads\/2020\/10\/Ho\u0308gsla\u0308tten-Fo\u0308rsta-Spadtaget-20-10-28-17.jpg\" \/>\n\t<meta property=\"og:image:width\" content=\"2000\" \/>\n\t<meta property=\"og:image:height\" content=\"1333\" \/>\n\t<meta property=\"og:image:type\" content=\"image\/jpeg\" \/>\n<meta name=\"author\" content=\"Karin Forssell\" \/>\n<meta name=\"twitter:card\" content=\"summary_large_image\" \/>\n<meta name=\"twitter:label1\" content=\"Skriven av\" \/>\n\t<meta name=\"twitter:data1\" content=\"Karin Forssell\" \/>\n\t<meta name=\"twitter:label2\" content=\"Ber\u00e4knad l\u00e4stid\" \/>\n\t<meta name=\"twitter:data2\" content=\"3 minuter\" \/>\n<script type=\"application\/ld+json\" class=\"yoast-schema-graph\">{\"@context\":\"https:\\\/\\\/schema.org\",\"@graph\":[{\"@type\":\"Article\",\"@id\":\"https:\\\/\\\/www.agma.com\\\/groundbreaking-ceremony-for-swedens-largest-solar-heating-field\\\/#article\",\"isPartOf\":{\"@id\":\"https:\\\/\\\/www.agma.com\\\/groundbreaking-ceremony-for-swedens-largest-solar-heating-field\\\/\"},\"author\":{\"name\":\"Karin Forssell\",\"@id\":\"https:\\\/\\\/www.agma.com\\\/sv\\\/#\\\/schema\\\/person\\\/7fa3701c04b8cdf482f8f1955dc047c3\"},\"headline\":\"F\u00f6rsta steget mot 8 TWh solv\u00e4rme i det svenska fj\u00e4rrv\u00e4rmen\u00e4tet\",\"datePublished\":\"2020-10-28T21:25:46+00:00\",\"dateModified\":\"2020-11-06T10:21:27+00:00\",\"mainEntityOfPage\":{\"@id\":\"https:\\\/\\\/www.agma.com\\\/groundbreaking-ceremony-for-swedens-largest-solar-heating-field\\\/\"},\"wordCount\":585,\"publisher\":{\"@id\":\"https:\\\/\\\/www.agma.com\\\/sv\\\/#organization\"},\"image\":{\"@id\":\"https:\\\/\\\/www.agma.com\\\/groundbreaking-ceremony-for-swedens-largest-solar-heating-field\\\/#primaryimage\"},\"thumbnailUrl\":\"https:\\\/\\\/www.agma.com\\\/wp-content\\\/uploads\\\/2020\\\/10\\\/Ho\u0308gsla\u0308tten-Fo\u0308rsta-Spadtaget-20-10-28-17.jpg\",\"articleSection\":[\"Okategoriserad\"],\"inLanguage\":\"sv-SE\"},{\"@type\":\"WebPage\",\"@id\":\"https:\\\/\\\/www.agma.com\\\/groundbreaking-ceremony-for-swedens-largest-solar-heating-field\\\/\",\"url\":\"https:\\\/\\\/www.agma.com\\\/groundbreaking-ceremony-for-swedens-largest-solar-heating-field\\\/\",\"name\":\"F\u00f6rsta steget mot 8 TWh solv\u00e4rme i det svenska fj\u00e4rrv\u00e4rmen\u00e4tet - Absolicon\",\"isPartOf\":{\"@id\":\"https:\\\/\\\/www.agma.com\\\/sv\\\/#website\"},\"primaryImageOfPage\":{\"@id\":\"https:\\\/\\\/www.agma.com\\\/groundbreaking-ceremony-for-swedens-largest-solar-heating-field\\\/#primaryimage\"},\"image\":{\"@id\":\"https:\\\/\\\/www.agma.com\\\/groundbreaking-ceremony-for-swedens-largest-solar-heating-field\\\/#primaryimage\"},\"thumbnailUrl\":\"https:\\\/\\\/www.agma.com\\\/wp-content\\\/uploads\\\/2020\\\/10\\\/Ho\u0308gsla\u0308tten-Fo\u0308rsta-Spadtaget-20-10-28-17.jpg\",\"datePublished\":\"2020-10-28T21:25:46+00:00\",\"dateModified\":\"2020-11-06T10:21:27+00:00\",\"breadcrumb\":{\"@id\":\"https:\\\/\\\/www.agma.com\\\/groundbreaking-ceremony-for-swedens-largest-solar-heating-field\\\/#breadcrumb\"},\"inLanguage\":\"sv-SE\",\"potentialAction\":[{\"@type\":\"ReadAction\",\"target\":[\"https:\\\/\\\/www.agma.com\\\/groundbreaking-ceremony-for-swedens-largest-solar-heating-field\\\/\"]}]},{\"@type\":\"ImageObject\",\"inLanguage\":\"sv-SE\",\"@id\":\"https:\\\/\\\/www.agma.com\\\/groundbreaking-ceremony-for-swedens-largest-solar-heating-field\\\/#primaryimage\",\"url\":\"https:\\\/\\\/www.agma.com\\\/wp-content\\\/uploads\\\/2020\\\/10\\\/Ho\u0308gsla\u0308tten-Fo\u0308rsta-Spadtaget-20-10-28-17.jpg\",\"contentUrl\":\"https:\\\/\\\/www.agma.com\\\/wp-content\\\/uploads\\\/2020\\\/10\\\/Ho\u0308gsla\u0308tten-Fo\u0308rsta-Spadtaget-20-10-28-17.jpg\",\"width\":2000,\"height\":1333},{\"@type\":\"BreadcrumbList\",\"@id\":\"https:\\\/\\\/www.agma.com\\\/groundbreaking-ceremony-for-swedens-largest-solar-heating-field\\\/#breadcrumb\",\"itemListElement\":[{\"@type\":\"ListItem\",\"position\":1,\"name\":\"Home\",\"item\":\"https:\\\/\\\/www.agma.com\\\/sv\\\/\"},{\"@type\":\"ListItem\",\"position\":2,\"name\":\"F\u00f6rsta steget mot 8 TWh solv\u00e4rme i det svenska fj\u00e4rrv\u00e4rmen\u00e4tet\"}]},{\"@type\":\"WebSite\",\"@id\":\"https:\\\/\\\/www.agma.com\\\/sv\\\/#website\",\"url\":\"https:\\\/\\\/www.agma.com\\\/sv\\\/\",\"name\":\"Absolicon\",\"description\":\"\",\"publisher\":{\"@id\":\"https:\\\/\\\/www.agma.com\\\/sv\\\/#organization\"},\"potentialAction\":[{\"@type\":\"SearchAction\",\"target\":{\"@type\":\"EntryPoint\",\"urlTemplate\":\"https:\\\/\\\/www.agma.com\\\/sv\\\/?s={search_term_string}\"},\"query-input\":{\"@type\":\"PropertyValueSpecification\",\"valueRequired\":true,\"valueName\":\"search_term_string\"}}],\"inLanguage\":\"sv-SE\"},{\"@type\":\"Organization\",\"@id\":\"https:\\\/\\\/www.agma.com\\\/sv\\\/#organization\",\"name\":\"Absolicon\",\"url\":\"https:\\\/\\\/www.agma.com\\\/sv\\\/\",\"logo\":{\"@type\":\"ImageObject\",\"inLanguage\":\"sv-SE\",\"@id\":\"https:\\\/\\\/www.agma.com\\\/sv\\\/#\\\/schema\\\/logo\\\/image\\\/\",\"url\":\"https:\\\/\\\/www.agma.com\\\/wp-content\\\/uploads\\\/2026\\\/04\\\/logotype_neg_blk.svg\",\"contentUrl\":\"https:\\\/\\\/www.agma.com\\\/wp-content\\\/uploads\\\/2026\\\/04\\\/logotype_neg_blk.svg\",\"width\":705,\"height\":83,\"caption\":\"Absolicon\"},\"image\":{\"@id\":\"https:\\\/\\\/www.agma.com\\\/sv\\\/#\\\/schema\\\/logo\\\/image\\\/\"}},{\"@type\":\"Person\",\"@id\":\"https:\\\/\\\/www.agma.com\\\/sv\\\/#\\\/schema\\\/person\\\/7fa3701c04b8cdf482f8f1955dc047c3\",\"name\":\"Karin Forssell\",\"image\":{\"@type\":\"ImageObject\",\"inLanguage\":\"sv-SE\",\"@id\":\"https:\\\/\\\/secure.gravatar.com\\\/avatar\\\/8b5393842799418c8e59bc3c7894dc7e9dd6b46fe987a5b1ccca8912d3bbaa48?s=96&d=mm&r=g\",\"url\":\"https:\\\/\\\/secure.gravatar.com\\\/avatar\\\/8b5393842799418c8e59bc3c7894dc7e9dd6b46fe987a5b1ccca8912d3bbaa48?s=96&d=mm&r=g\",\"contentUrl\":\"https:\\\/\\\/secure.gravatar.com\\\/avatar\\\/8b5393842799418c8e59bc3c7894dc7e9dd6b46fe987a5b1ccca8912d3bbaa48?s=96&d=mm&r=g\",\"caption\":\"Karin Forssell\"},\"url\":\"https:\\\/\\\/www.agma.com\\\/sv\\\/author\\\/karin\\\/\"}]}<\/script>\n<!-- \/ Yoast SEO plugin. -->","yoast_head_json":{"title":"F\u00f6rsta steget mot 8 TWh solv\u00e4rme i det svenska fj\u00e4rrv\u00e4rmen\u00e4tet - Absolicon","robots":{"index":"index","follow":"follow","max-snippet":"max-snippet:-1","max-image-preview":"max-image-preview:large","max-video-preview":"max-video-preview:-1"},"canonical":"https:\/\/www.agma.com\/sv\/groundbreaking-ceremony-for-swedens-largest-solar-heating-field\/","og_locale":"sv_SE","og_type":"article","og_title":"F\u00f6rsta steget mot 8 TWh solv\u00e4rme i det svenska fj\u00e4rrv\u00e4rmen\u00e4tet - Absolicon","og_description":"Absolicon bygger en 3000 m2 solf\u00e5ngarpark i H\u00e4rn\u00f6sand. F\u00f6rsta spadtaget togs online av Anders Ygeman och Robert Andr\u00e9n tillsammans med Absolicons VD Joakim Bystr\u00f6m, projektledare Benjamin Ahlgren och Andreas Sj\u00f6lander, ordf\u00f6rande f\u00f6r kommunstyrelsen p\u00e5 plats i H\u00e4rn\u00f6sand. H\u00f6gsl\u00e4tten Solar Thermal Park blir f\u00e4rdigst\u00e4llt 3000 m2, den st\u00f6rsta inom svensk solv\u00e4rme p\u00e5 \u00f6ver 20 \u00e5r och [&hellip;]","og_url":"https:\/\/www.agma.com\/groundbreaking-ceremony-for-swedens-largest-solar-heating-field\/","og_site_name":"Absolicon","article_published_time":"2020-10-28T21:25:46+00:00","article_modified_time":"2020-11-06T10:21:27+00:00","og_image":[{"width":2000,"height":1333,"url":"https:\/\/www.agma.com\/wp-content\/uploads\/2020\/10\/Ho\u0308gsla\u0308tten-Fo\u0308rsta-Spadtaget-20-10-28-17.jpg","type":"image\/jpeg"}],"author":"Karin Forssell","twitter_card":"summary_large_image","twitter_misc":{"Skriven av":"Karin Forssell","Ber\u00e4knad l\u00e4stid":"3 minuter"},"schema":{"@context":"https:\/\/schema.org","@graph":[{"@type":"Article","@id":"https:\/\/www.agma.com\/groundbreaking-ceremony-for-swedens-largest-solar-heating-field\/#article","isPartOf":{"@id":"https:\/\/www.agma.com\/groundbreaking-ceremony-for-swedens-largest-solar-heating-field\/"},"author":{"name":"Karin Forssell","@id":"https:\/\/www.agma.com\/sv\/#\/schema\/person\/7fa3701c04b8cdf482f8f1955dc047c3"},"headline":"F\u00f6rsta steget mot 8 TWh solv\u00e4rme i det svenska fj\u00e4rrv\u00e4rmen\u00e4tet","datePublished":"2020-10-28T21:25:46+00:00","dateModified":"2020-11-06T10:21:27+00:00","mainEntityOfPage":{"@id":"https:\/\/www.agma.com\/groundbreaking-ceremony-for-swedens-largest-solar-heating-field\/"},"wordCount":585,"publisher":{"@id":"https:\/\/www.agma.com\/sv\/#organization"},"image":{"@id":"https:\/\/www.agma.com\/groundbreaking-ceremony-for-swedens-largest-solar-heating-field\/#primaryimage"},"thumbnailUrl":"https:\/\/www.agma.com\/wp-content\/uploads\/2020\/10\/Ho\u0308gsla\u0308tten-Fo\u0308rsta-Spadtaget-20-10-28-17.jpg","articleSection":["Okategoriserad"],"inLanguage":"sv-SE"},{"@type":"WebPage","@id":"https:\/\/www.agma.com\/groundbreaking-ceremony-for-swedens-largest-solar-heating-field\/","url":"https:\/\/www.agma.com\/groundbreaking-ceremony-for-swedens-largest-solar-heating-field\/","name":"F\u00f6rsta steget mot 8 TWh solv\u00e4rme i det svenska fj\u00e4rrv\u00e4rmen\u00e4tet - Absolicon","isPartOf":{"@id":"https:\/\/www.agma.com\/sv\/#website"},"primaryImageOfPage":{"@id":"https:\/\/www.agma.com\/groundbreaking-ceremony-for-swedens-largest-solar-heating-field\/#primaryimage"},"image":{"@id":"https:\/\/www.agma.com\/groundbreaking-ceremony-for-swedens-largest-solar-heating-field\/#primaryimage"},"thumbnailUrl":"https:\/\/www.agma.com\/wp-content\/uploads\/2020\/10\/Ho\u0308gsla\u0308tten-Fo\u0308rsta-Spadtaget-20-10-28-17.jpg","datePublished":"2020-10-28T21:25:46+00:00","dateModified":"2020-11-06T10:21:27+00:00","breadcrumb":{"@id":"https:\/\/www.agma.com\/groundbreaking-ceremony-for-swedens-largest-solar-heating-field\/#breadcrumb"},"inLanguage":"sv-SE","potentialAction":[{"@type":"ReadAction","target":["https:\/\/www.agma.com\/groundbreaking-ceremony-for-swedens-largest-solar-heating-field\/"]}]},{"@type":"ImageObject","inLanguage":"sv-SE","@id":"https:\/\/www.agma.com\/groundbreaking-ceremony-for-swedens-largest-solar-heating-field\/#primaryimage","url":"https:\/\/www.agma.com\/wp-content\/uploads\/2020\/10\/Ho\u0308gsla\u0308tten-Fo\u0308rsta-Spadtaget-20-10-28-17.jpg","contentUrl":"https:\/\/www.agma.com\/wp-content\/uploads\/2020\/10\/Ho\u0308gsla\u0308tten-Fo\u0308rsta-Spadtaget-20-10-28-17.jpg","width":2000,"height":1333},{"@type":"BreadcrumbList","@id":"https:\/\/www.agma.com\/groundbreaking-ceremony-for-swedens-largest-solar-heating-field\/#breadcrumb","itemListElement":[{"@type":"ListItem","position":1,"name":"Home","item":"https:\/\/www.agma.com\/sv\/"},{"@type":"ListItem","position":2,"name":"F\u00f6rsta steget mot 8 TWh solv\u00e4rme i det svenska fj\u00e4rrv\u00e4rmen\u00e4tet"}]},{"@type":"WebSite","@id":"https:\/\/www.agma.com\/sv\/#website","url":"https:\/\/www.agma.com\/sv\/","name":"Absolicon","description":"","publisher":{"@id":"https:\/\/www.agma.com\/sv\/#organization"},"potentialAction":[{"@type":"SearchAction","target":{"@type":"EntryPoint","urlTemplate":"https:\/\/www.agma.com\/sv\/?s={search_term_string}"},"query-input":{"@type":"PropertyValueSpecification","valueRequired":true,"valueName":"search_term_string"}}],"inLanguage":"sv-SE"},{"@type":"Organization","@id":"https:\/\/www.agma.com\/sv\/#organization","name":"Absolicon","url":"https:\/\/www.agma.com\/sv\/","logo":{"@type":"ImageObject","inLanguage":"sv-SE","@id":"https:\/\/www.agma.com\/sv\/#\/schema\/logo\/image\/","url":"https:\/\/www.agma.com\/wp-content\/uploads\/2026\/04\/logotype_neg_blk.svg","contentUrl":"https:\/\/www.agma.com\/wp-content\/uploads\/2026\/04\/logotype_neg_blk.svg","width":705,"height":83,"caption":"Absolicon"},"image":{"@id":"https:\/\/www.agma.com\/sv\/#\/schema\/logo\/image\/"}},{"@type":"Person","@id":"https:\/\/www.agma.com\/sv\/#\/schema\/person\/7fa3701c04b8cdf482f8f1955dc047c3","name":"Karin Forssell","image":{"@type":"ImageObject","inLanguage":"sv-SE","@id":"https:\/\/secure.gravatar.com\/avatar\/8b5393842799418c8e59bc3c7894dc7e9dd6b46fe987a5b1ccca8912d3bbaa48?s=96&d=mm&r=g","url":"https:\/\/secure.gravatar.com\/avatar\/8b5393842799418c8e59bc3c7894dc7e9dd6b46fe987a5b1ccca8912d3bbaa48?s=96&d=mm&r=g","contentUrl":"https:\/\/secure.gravatar.com\/avatar\/8b5393842799418c8e59bc3c7894dc7e9dd6b46fe987a5b1ccca8912d3bbaa48?s=96&d=mm&r=g","caption":"Karin Forssell"},"url":"https:\/\/www.agma.com\/sv\/author\/karin\/"}]}},"_links":{"self":[{"href":"https:\/\/www.agma.com\/sv\/wp-json\/wp\/v2\/posts\/9977","targetHints":{"allow":["GET"]}}],"collection":[{"href":"https:\/\/www.agma.com\/sv\/wp-json\/wp\/v2\/posts"}],"about":[{"href":"https:\/\/www.agma.com\/sv\/wp-json\/wp\/v2\/types\/post"}],"author":[{"embeddable":true,"href":"https:\/\/www.agma.com\/sv\/wp-json\/wp\/v2\/users\/2"}],"replies":[{"embeddable":true,"href":"https:\/\/www.agma.com\/sv\/wp-json\/wp\/v2\/comments?post=9977"}],"version-history":[{"count":3,"href":"https:\/\/www.agma.com\/sv\/wp-json\/wp\/v2\/posts\/9977\/revisions"}],"predecessor-version":[{"id":9986,"href":"https:\/\/www.agma.com\/sv\/wp-json\/wp\/v2\/posts\/9977\/revisions\/9986"}],"wp:featuredmedia":[{"embeddable":true,"href":"https:\/\/www.agma.com\/sv\/wp-json\/wp\/v2\/media\/9970"}],"wp:attachment":[{"href":"https:\/\/www.agma.com\/sv\/wp-json\/wp\/v2\/media?parent=9977"}],"wp:term":[{"taxonomy":"category","embeddable":true,"href":"https:\/\/www.agma.com\/sv\/wp-json\/wp\/v2\/categories?post=9977"},{"taxonomy":"post_tag","embeddable":true,"href":"https:\/\/www.agma.com\/sv\/wp-json\/wp\/v2\/tags?post=9977"}],"curies":[{"name":"wp","href":"https:\/\/api.w.org\/{rel}","templated":true}]}}